{"id":5005,"date":"2026-03-15T11:50:46","date_gmt":"2026-03-15T09:50:46","guid":{"rendered":"https:\/\/www.fischwaid-muenchen.de\/?p=5005"},"modified":"2026-03-15T11:50:46","modified_gmt":"2026-03-15T09:50:46","slug":"arbeitsdienst-waldsee-07-03-2026","status":"publish","type":"post","link":"https:\/\/www.fischwaid-muenchen.de\/?p=5005","title":{"rendered":"Arbeitsdienst Waldsee &#8211; 07.03.2026"},"content":{"rendered":"<div id=\"pl-5005\"  class=\"panel-layout\" ><div id=\"pg-5005-0\"  class=\"panel-grid panel-no-style\" ><div id=\"pgc-5005-0-0\"  class=\"panel-grid-cell\" ><div id=\"panel-5005-0-0-0\" class=\"so-panel widget widget_sow-editor panel-first-child panel-last-child\" data-index=\"0\" ><div class=\"panel-widget-style panel-widget-style-for-5005-0-0-0\" ><div\n\t\t\t\n\t\t\tclass=\"so-widget-sow-editor so-widget-sow-editor-base\"\n\t\t\t\n\t\t>\n<div class=\"siteorigin-widget-tinymce textwidget\">\n\t<p style=\"text-align: center\" data-start=\"0\" data-end=\"170\"><img loading=\"lazy\" decoding=\"async\" src=\"https:\/\/www.fischwaid-muenchen.de\/wp-content\/uploads\/2026\/03\/2026-03-15_AD_Waldsee_II.jpeg\" alt=\"\" width=\"2048\" height=\"921\" \/><\/p>\n<p data-start=\"0\" data-end=\"170\">Am <strong data-start=\"3\" data-end=\"17\">07.03.2026<\/strong> fand am <strong data-start=\"26\" data-end=\"37\">Waldsee<\/strong> ein Arbeitsdienst statt. Ziel des Einsatzes war die Pflege des Gel\u00e4ndes sowie die Vorbereitung der Anlage f\u00fcr die kommende Saison.<\/p>\n<p data-start=\"172\" data-end=\"458\">Im Rahmen des Arbeitsdienstes wurde vorhandenes <strong data-start=\"220\" data-end=\"262\">Schnittholz aufgearbeitet und sortiert<\/strong>, sodass es k\u00fcnftig besser genutzt oder gelagert werden kann. Zudem erfolgte ein <strong data-start=\"343\" data-end=\"373\">R\u00fcckschnitt von Laubb\u00e4umen<\/strong>, um die Wege freizuhalten und die Sicherheit im Bereich des Sees zu gew\u00e4hrleisten.<\/p>\n<p data-start=\"460\" data-end=\"690\">Dar\u00fcber hinaus wurden <strong data-start=\"482\" data-end=\"532\">allgemeine Aufr\u00e4umarbeiten rund um den Waldsee<\/strong> durchgef\u00fchrt. Dabei wurden \u00c4ste, Laub und sonstiges Material entfernt sowie verschiedene Bereiche der Anlage wieder in einen ordentlichen Zustand gebracht.<\/p>\n<p data-start=\"692\" data-end=\"825\" data-is-last-node=\"\" data-is-only-node=\"\">Durch den gemeinsamen Einsatz der Mitglieder konnte der Waldsee deutlich aufgewertet und f\u00fcr die kommenden Monate vorbereitet werden.<\/p>\n<p data-start=\"692\" data-end=\"825\" data-is-last-node=\"\" data-is-only-node=\"\">Vielen Dank an alle Helfer!<\/p>\n<p data-start=\"692\" data-end=\"825\" data-is-last-node=\"\" data-is-only-node=\"\">Eure Vorstandschaft<\/p>\n<p style=\"text-align: center\" data-start=\"692\" data-end=\"825\" data-is-last-node=\"\" data-is-only-node=\"\"><img loading=\"lazy\" decoding=\"async\" src=\"https:\/\/www.fischwaid-muenchen.de\/wp-content\/uploads\/2026\/03\/2026-03-15_AD_Waldsee_I.jpeg\" alt=\"\" width=\"800\" height=\"1779\" \/><\/p>\n<\/div>\n<\/div><\/div><\/div><\/div><\/div><\/div>","protected":false},"excerpt":{"rendered":"<p>Am 07.03.2026 fand am Waldsee ein Arbeitsdienst statt. Ziel des Einsatzes war die Pflege des Gel\u00e4ndes sowie die Vorbereitung der Anlage f\u00fcr die kommende Saison. Im Rahmen des Arbeitsdienstes wurde vorhandenes Schnittholz aufgearbeitet und sortiert, sodass es k\u00fcnftig besser genutzt oder gelagert werden kann. Zudem erfolgte ein R\u00fcckschnitt von Laubb\u00e4umen,&#8230;<\/p>\n<p class=\"continue-reading-button\"> <a class=\"continue-reading-link\" href=\"https:\/\/www.fischwaid-muenchen.de\/?p=5005\">weiter<i class=\"crycon-right-dir\"><\/i><\/a><\/p>\n","protected":false},"author":8,"featured_media":0,"comment_status":"closed","ping_status":"closed","sticky":false,"template":"","format":"standard","meta":{"footnotes":""},"categories":[7],"tags":[],"wf_post_folders":[],"class_list":["post-5005","post","type-post","status-publish","format-standard","hentry","category-aktuelles"],"yoast_head":"<!-- This site is optimized with the Yoast SEO plugin v27.5 - https:\/\/yoast.com\/product\/yoast-seo-wordpress\/ -->\n<title>Arbeitsdienst Waldsee - 07.03.2026 - Fischereiverein Fischwaid M\u00fcnchen e.V.<\/title>\n<meta name=\"robots\" content=\"index, follow, max-snippet:-1, max-image-preview:large, max-video-preview:-1\" \/>\n<link rel=\"canonical\" href=\"https:\/\/www.fischwaid-muenchen.de\/?p=5005\" \/>\n<meta property=\"og:locale\" content=\"de_DE\" \/>\n<meta property=\"og:type\" content=\"article\" \/>\n<meta property=\"og:title\" content=\"Arbeitsdienst Waldsee - 07.03.2026 - Fischereiverein Fischwaid M\u00fcnchen e.V.\" \/>\n<meta property=\"og:description\" content=\"Am 07.03.2026 fand am Waldsee ein Arbeitsdienst statt. Ziel des Einsatzes war die Pflege des Gel\u00e4ndes sowie die Vorbereitung der Anlage f\u00fcr die kommende Saison. Im Rahmen des Arbeitsdienstes wurde vorhandenes Schnittholz aufgearbeitet und sortiert, sodass es k\u00fcnftig besser genutzt oder gelagert werden kann. Zudem erfolgte ein R\u00fcckschnitt von Laubb\u00e4umen,... weiter\" \/>\n<meta property=\"og:url\" content=\"https:\/\/www.fischwaid-muenchen.de\/?p=5005\" \/>\n<meta property=\"og:site_name\" content=\"Fischereiverein Fischwaid M\u00fcnchen e.V.\" \/>\n<meta property=\"article:publisher\" content=\"https:\/\/www.facebook.com\/Fischereiverein-Fischwaid-Mnchen-eV-175669222446351\" \/>\n<meta property=\"article:published_time\" content=\"2026-03-15T09:50:46+00:00\" \/>\n<meta property=\"og:image\" content=\"https:\/\/www.fischwaid-muenchen.de\/wp-content\/uploads\/2026\/03\/2026-03-15_AD_Waldsee_II.jpeg\" \/>\n<meta name=\"author\" content=\"Patryk Klewek\" \/>\n<meta name=\"twitter:card\" content=\"summary_large_image\" \/>\n<script type=\"application\/ld+json\" class=\"yoast-schema-graph\">{\"@context\":\"https:\\\/\\\/schema.org\",\"@graph\":[{\"@type\":\"Article\",\"@id\":\"https:\\\/\\\/www.fischwaid-muenchen.de\\\/?p=5005#article\",\"isPartOf\":{\"@id\":\"https:\\\/\\\/www.fischwaid-muenchen.de\\\/?p=5005\"},\"author\":{\"name\":\"Patryk Klewek\",\"@id\":\"https:\\\/\\\/www.fischwaid-muenchen.de\\\/#\\\/schema\\\/person\\\/089075524855d259a1ebaacfbda54b33\"},\"headline\":\"Arbeitsdienst Waldsee &#8211; 07.03.2026\",\"datePublished\":\"2026-03-15T09:50:46+00:00\",\"mainEntityOfPage\":{\"@id\":\"https:\\\/\\\/www.fischwaid-muenchen.de\\\/?p=5005\"},\"wordCount\":129,\"publisher\":{\"@id\":\"https:\\\/\\\/www.fischwaid-muenchen.de\\\/#organization\"},\"image\":{\"@id\":\"https:\\\/\\\/www.fischwaid-muenchen.de\\\/?p=5005#primaryimage\"},\"thumbnailUrl\":\"https:\\\/\\\/www.fischwaid-muenchen.de\\\/wp-content\\\/uploads\\\/2026\\\/03\\\/2026-03-15_AD_Waldsee_II.jpeg\",\"articleSection\":[\"Aktuelles\"],\"inLanguage\":\"de\"},{\"@type\":\"WebPage\",\"@id\":\"https:\\\/\\\/www.fischwaid-muenchen.de\\\/?p=5005\",\"url\":\"https:\\\/\\\/www.fischwaid-muenchen.de\\\/?p=5005\",\"name\":\"Arbeitsdienst Waldsee - 07.03.2026 - Fischereiverein Fischwaid M\u00fcnchen e.V.\",\"isPartOf\":{\"@id\":\"https:\\\/\\\/www.fischwaid-muenchen.de\\\/#website\"},\"primaryImageOfPage\":{\"@id\":\"https:\\\/\\\/www.fischwaid-muenchen.de\\\/?p=5005#primaryimage\"},\"image\":{\"@id\":\"https:\\\/\\\/www.fischwaid-muenchen.de\\\/?p=5005#primaryimage\"},\"thumbnailUrl\":\"https:\\\/\\\/www.fischwaid-muenchen.de\\\/wp-content\\\/uploads\\\/2026\\\/03\\\/2026-03-15_AD_Waldsee_II.jpeg\",\"datePublished\":\"2026-03-15T09:50:46+00:00\",\"breadcrumb\":{\"@id\":\"https:\\\/\\\/www.fischwaid-muenchen.de\\\/?p=5005#breadcrumb\"},\"inLanguage\":\"de\",\"potentialAction\":[{\"@type\":\"ReadAction\",\"target\":[\"https:\\\/\\\/www.fischwaid-muenchen.de\\\/?p=5005\"]}]},{\"@type\":\"ImageObject\",\"inLanguage\":\"de\",\"@id\":\"https:\\\/\\\/www.fischwaid-muenchen.de\\\/?p=5005#primaryimage\",\"url\":\"https:\\\/\\\/www.fischwaid-muenchen.de\\\/wp-content\\\/uploads\\\/2026\\\/03\\\/2026-03-15_AD_Waldsee_II.jpeg\",\"contentUrl\":\"https:\\\/\\\/www.fischwaid-muenchen.de\\\/wp-content\\\/uploads\\\/2026\\\/03\\\/2026-03-15_AD_Waldsee_II.jpeg\",\"width\":2048,\"height\":921},{\"@type\":\"BreadcrumbList\",\"@id\":\"https:\\\/\\\/www.fischwaid-muenchen.de\\\/?p=5005#breadcrumb\",\"itemListElement\":[{\"@type\":\"ListItem\",\"position\":1,\"name\":\"Startseite\",\"item\":\"https:\\\/\\\/www.fischwaid-muenchen.de\\\/\"},{\"@type\":\"ListItem\",\"position\":2,\"name\":\"Arbeitsdienst Waldsee &#8211; 07.03.2026\"}]},{\"@type\":\"WebSite\",\"@id\":\"https:\\\/\\\/www.fischwaid-muenchen.de\\\/#website\",\"url\":\"https:\\\/\\\/www.fischwaid-muenchen.de\\\/\",\"name\":\"Fischereiverein Fischwaid M\u00fcnchen e.V.\",\"description\":\"\",\"publisher\":{\"@id\":\"https:\\\/\\\/www.fischwaid-muenchen.de\\\/#organization\"},\"potentialAction\":[{\"@type\":\"SearchAction\",\"target\":{\"@type\":\"EntryPoint\",\"urlTemplate\":\"https:\\\/\\\/www.fischwaid-muenchen.de\\\/?s={search_term_string}\"},\"query-input\":{\"@type\":\"PropertyValueSpecification\",\"valueRequired\":true,\"valueName\":\"search_term_string\"}}],\"inLanguage\":\"de\"},{\"@type\":\"Organization\",\"@id\":\"https:\\\/\\\/www.fischwaid-muenchen.de\\\/#organization\",\"name\":\"Fischwaid M\u00fcnchen e.V.\",\"url\":\"https:\\\/\\\/www.fischwaid-muenchen.de\\\/\",\"logo\":{\"@type\":\"ImageObject\",\"inLanguage\":\"de\",\"@id\":\"https:\\\/\\\/www.fischwaid-muenchen.de\\\/#\\\/schema\\\/logo\\\/image\\\/\",\"url\":\"https:\\\/\\\/www.fischwaid-muenchen.de\\\/wp-content\\\/uploads\\\/2021\\\/05\\\/fischwaid-logo.png\",\"contentUrl\":\"https:\\\/\\\/www.fischwaid-muenchen.de\\\/wp-content\\\/uploads\\\/2021\\\/05\\\/fischwaid-logo.png\",\"width\":1000,\"height\":1195,\"caption\":\"Fischwaid M\u00fcnchen e.V.\"},\"image\":{\"@id\":\"https:\\\/\\\/www.fischwaid-muenchen.de\\\/#\\\/schema\\\/logo\\\/image\\\/\"},\"sameAs\":[\"https:\\\/\\\/www.facebook.com\\\/Fischereiverein-Fischwaid-Mnchen-eV-175669222446351\",\"https:\\\/\\\/www.instagram.com\\\/fischwaid_muenchen_ev\\\/?igshid=YmMyMTA2M2Y=\"]},{\"@type\":\"Person\",\"@id\":\"https:\\\/\\\/www.fischwaid-muenchen.de\\\/#\\\/schema\\\/person\\\/089075524855d259a1ebaacfbda54b33\",\"name\":\"Patryk Klewek\",\"image\":{\"@type\":\"ImageObject\",\"inLanguage\":\"de\",\"@id\":\"https:\\\/\\\/secure.gravatar.com\\\/avatar\\\/69ad9eea9775a1bbc841b35fa0689df43b3b491a3e39608d351895b9373710e9?s=96&d=mm&r=g\",\"url\":\"https:\\\/\\\/secure.gravatar.com\\\/avatar\\\/69ad9eea9775a1bbc841b35fa0689df43b3b491a3e39608d351895b9373710e9?s=96&d=mm&r=g\",\"contentUrl\":\"https:\\\/\\\/secure.gravatar.com\\\/avatar\\\/69ad9eea9775a1bbc841b35fa0689df43b3b491a3e39608d351895b9373710e9?s=96&d=mm&r=g\",\"caption\":\"Patryk Klewek\"},\"url\":\"https:\\\/\\\/www.fischwaid-muenchen.de\\\/?author=8\"}]}<\/script>\n<!-- \/ Yoast SEO plugin. -->","yoast_head_json":{"title":"Arbeitsdienst Waldsee - 07.03.2026 - Fischereiverein Fischwaid M\u00fcnchen e.V.","robots":{"index":"index","follow":"follow","max-snippet":"max-snippet:-1","max-image-preview":"max-image-preview:large","max-video-preview":"max-video-preview:-1"},"canonical":"https:\/\/www.fischwaid-muenchen.de\/?p=5005","og_locale":"de_DE","og_type":"article","og_title":"Arbeitsdienst Waldsee - 07.03.2026 - Fischereiverein Fischwaid M\u00fcnchen e.V.","og_description":"Am 07.03.2026 fand am Waldsee ein Arbeitsdienst statt. Ziel des Einsatzes war die Pflege des Gel\u00e4ndes sowie die Vorbereitung der Anlage f\u00fcr die kommende Saison. Im Rahmen des Arbeitsdienstes wurde vorhandenes Schnittholz aufgearbeitet und sortiert, sodass es k\u00fcnftig besser genutzt oder gelagert werden kann. Zudem erfolgte ein R\u00fcckschnitt von Laubb\u00e4umen,... weiter","og_url":"https:\/\/www.fischwaid-muenchen.de\/?p=5005","og_site_name":"Fischereiverein Fischwaid M\u00fcnchen e.V.","article_publisher":"https:\/\/www.facebook.com\/Fischereiverein-Fischwaid-Mnchen-eV-175669222446351","article_published_time":"2026-03-15T09:50:46+00:00","og_image":[{"url":"https:\/\/www.fischwaid-muenchen.de\/wp-content\/uploads\/2026\/03\/2026-03-15_AD_Waldsee_II.jpeg","type":"","width":"","height":""}],"author":"Patryk Klewek","twitter_card":"summary_large_image","schema":{"@context":"https:\/\/schema.org","@graph":[{"@type":"Article","@id":"https:\/\/www.fischwaid-muenchen.de\/?p=5005#article","isPartOf":{"@id":"https:\/\/www.fischwaid-muenchen.de\/?p=5005"},"author":{"name":"Patryk Klewek","@id":"https:\/\/www.fischwaid-muenchen.de\/#\/schema\/person\/089075524855d259a1ebaacfbda54b33"},"headline":"Arbeitsdienst Waldsee &#8211; 07.03.2026","datePublished":"2026-03-15T09:50:46+00:00","mainEntityOfPage":{"@id":"https:\/\/www.fischwaid-muenchen.de\/?p=5005"},"wordCount":129,"publisher":{"@id":"https:\/\/www.fischwaid-muenchen.de\/#organization"},"image":{"@id":"https:\/\/www.fischwaid-muenchen.de\/?p=5005#primaryimage"},"thumbnailUrl":"https:\/\/www.fischwaid-muenchen.de\/wp-content\/uploads\/2026\/03\/2026-03-15_AD_Waldsee_II.jpeg","articleSection":["Aktuelles"],"inLanguage":"de"},{"@type":"WebPage","@id":"https:\/\/www.fischwaid-muenchen.de\/?p=5005","url":"https:\/\/www.fischwaid-muenchen.de\/?p=5005","name":"Arbeitsdienst Waldsee - 07.03.2026 - Fischereiverein Fischwaid M\u00fcnchen e.V.","isPartOf":{"@id":"https:\/\/www.fischwaid-muenchen.de\/#website"},"primaryImageOfPage":{"@id":"https:\/\/www.fischwaid-muenchen.de\/?p=5005#primaryimage"},"image":{"@id":"https:\/\/www.fischwaid-muenchen.de\/?p=5005#primaryimage"},"thumbnailUrl":"https:\/\/www.fischwaid-muenchen.de\/wp-content\/uploads\/2026\/03\/2026-03-15_AD_Waldsee_II.jpeg","datePublished":"2026-03-15T09:50:46+00:00","breadcrumb":{"@id":"https:\/\/www.fischwaid-muenchen.de\/?p=5005#breadcrumb"},"inLanguage":"de","potentialAction":[{"@type":"ReadAction","target":["https:\/\/www.fischwaid-muenchen.de\/?p=5005"]}]},{"@type":"ImageObject","inLanguage":"de","@id":"https:\/\/www.fischwaid-muenchen.de\/?p=5005#primaryimage","url":"https:\/\/www.fischwaid-muenchen.de\/wp-content\/uploads\/2026\/03\/2026-03-15_AD_Waldsee_II.jpeg","contentUrl":"https:\/\/www.fischwaid-muenchen.de\/wp-content\/uploads\/2026\/03\/2026-03-15_AD_Waldsee_II.jpeg","width":2048,"height":921},{"@type":"BreadcrumbList","@id":"https:\/\/www.fischwaid-muenchen.de\/?p=5005#breadcrumb","itemListElement":[{"@type":"ListItem","position":1,"name":"Startseite","item":"https:\/\/www.fischwaid-muenchen.de\/"},{"@type":"ListItem","position":2,"name":"Arbeitsdienst Waldsee &#8211; 07.03.2026"}]},{"@type":"WebSite","@id":"https:\/\/www.fischwaid-muenchen.de\/#website","url":"https:\/\/www.fischwaid-muenchen.de\/","name":"Fischereiverein Fischwaid M\u00fcnchen e.V.","description":"","publisher":{"@id":"https:\/\/www.fischwaid-muenchen.de\/#organization"},"potentialAction":[{"@type":"SearchAction","target":{"@type":"EntryPoint","urlTemplate":"https:\/\/www.fischwaid-muenchen.de\/?s={search_term_string}"},"query-input":{"@type":"PropertyValueSpecification","valueRequired":true,"valueName":"search_term_string"}}],"inLanguage":"de"},{"@type":"Organization","@id":"https:\/\/www.fischwaid-muenchen.de\/#organization","name":"Fischwaid M\u00fcnchen e.V.","url":"https:\/\/www.fischwaid-muenchen.de\/","logo":{"@type":"ImageObject","inLanguage":"de","@id":"https:\/\/www.fischwaid-muenchen.de\/#\/schema\/logo\/image\/","url":"https:\/\/www.fischwaid-muenchen.de\/wp-content\/uploads\/2021\/05\/fischwaid-logo.png","contentUrl":"https:\/\/www.fischwaid-muenchen.de\/wp-content\/uploads\/2021\/05\/fischwaid-logo.png","width":1000,"height":1195,"caption":"Fischwaid M\u00fcnchen e.V."},"image":{"@id":"https:\/\/www.fischwaid-muenchen.de\/#\/schema\/logo\/image\/"},"sameAs":["https:\/\/www.facebook.com\/Fischereiverein-Fischwaid-Mnchen-eV-175669222446351","https:\/\/www.instagram.com\/fischwaid_muenchen_ev\/?igshid=YmMyMTA2M2Y="]},{"@type":"Person","@id":"https:\/\/www.fischwaid-muenchen.de\/#\/schema\/person\/089075524855d259a1ebaacfbda54b33","name":"Patryk Klewek","image":{"@type":"ImageObject","inLanguage":"de","@id":"https:\/\/secure.gravatar.com\/avatar\/69ad9eea9775a1bbc841b35fa0689df43b3b491a3e39608d351895b9373710e9?s=96&d=mm&r=g","url":"https:\/\/secure.gravatar.com\/avatar\/69ad9eea9775a1bbc841b35fa0689df43b3b491a3e39608d351895b9373710e9?s=96&d=mm&r=g","contentUrl":"https:\/\/secure.gravatar.com\/avatar\/69ad9eea9775a1bbc841b35fa0689df43b3b491a3e39608d351895b9373710e9?s=96&d=mm&r=g","caption":"Patryk Klewek"},"url":"https:\/\/www.fischwaid-muenchen.de\/?author=8"}]}},"_links":{"self":[{"href":"https:\/\/www.fischwaid-muenchen.de\/index.php?rest_route=\/wp\/v2\/posts\/5005","targetHints":{"allow":["GET"]}}],"collection":[{"href":"https:\/\/www.fischwaid-muenchen.de\/index.php?rest_route=\/wp\/v2\/posts"}],"about":[{"href":"https:\/\/www.fischwaid-muenchen.de\/index.php?rest_route=\/wp\/v2\/types\/post"}],"author":[{"embeddable":true,"href":"https:\/\/www.fischwaid-muenchen.de\/index.php?rest_route=\/wp\/v2\/users\/8"}],"replies":[{"embeddable":true,"href":"https:\/\/www.fischwaid-muenchen.de\/index.php?rest_route=%2Fwp%2Fv2%2Fcomments&post=5005"}],"version-history":[{"count":1,"href":"https:\/\/www.fischwaid-muenchen.de\/index.php?rest_route=\/wp\/v2\/posts\/5005\/revisions"}],"predecessor-version":[{"id":5008,"href":"https:\/\/www.fischwaid-muenchen.de\/index.php?rest_route=\/wp\/v2\/posts\/5005\/revisions\/5008"}],"wp:attachment":[{"href":"https:\/\/www.fischwaid-muenchen.de\/index.php?rest_route=%2Fwp%2Fv2%2Fmedia&parent=5005"}],"wp:term":[{"taxonomy":"category","embeddable":true,"href":"https:\/\/www.fischwaid-muenchen.de\/index.php?rest_route=%2Fwp%2Fv2%2Fcategories&post=5005"},{"taxonomy":"post_tag","embeddable":true,"href":"https:\/\/www.fischwaid-muenchen.de\/index.php?rest_route=%2Fwp%2Fv2%2Ftags&post=5005"},{"taxonomy":"wf_post_folders","embeddable":true,"href":"https:\/\/www.fischwaid-muenchen.de\/index.php?rest_route=%2Fwp%2Fv2%2Fwf_post_folders&post=5005"}],"curies":[{"name":"wp","href":"https:\/\/api.w.org\/{rel}","templated":true}]}}