{"id":4322,"date":"2024-06-21T18:38:55","date_gmt":"2024-06-21T16:38:55","guid":{"rendered":"https:\/\/www.fischwaid-muenchen.de\/?p=4322"},"modified":"2024-06-21T18:38:55","modified_gmt":"2024-06-21T16:38:55","slug":"arbeitsdienst-in-scheyern-am-15-06-2024","status":"publish","type":"post","link":"https:\/\/www.fischwaid-muenchen.de\/?p=4322","title":{"rendered":"Arbeitsdienst in Scheyern am 15.06.2024"},"content":{"rendered":"<div id=\"pl-4322\"  class=\"panel-layout\" ><div id=\"pg-4322-0\"  class=\"panel-grid panel-no-style\" ><div id=\"pgc-4322-0-0\"  class=\"panel-grid-cell\" ><div id=\"panel-4322-0-0-0\" class=\"so-panel widget widget_sow-editor panel-first-child panel-last-child\" data-index=\"0\" ><div class=\"panel-widget-style panel-widget-style-for-4322-0-0-0\" ><div\n\t\t\t\n\t\t\tclass=\"so-widget-sow-editor so-widget-sow-editor-base\"\n\t\t\t\n\t\t>\n<div class=\"siteorigin-widget-tinymce textwidget\">\n\t<p><span style=\"font-family: arial, helvetica, sans-serif\">Nur knapp einen Monat nach dem letzten erfolgreichen Arbeitsdienst fanden sich am 15. Juni elf engagierte Mitglieder zu einem weiteren Einsatz in Scheyern ein.<\/span><\/p>\n<p><span style=\"font-family: arial, helvetica, sans-serif\">Unter der fachkundigen Anleitung unserer Gew\u00e4sserbetreuer Alex Huber, Thomas Muhr und Tobias Jordan wurden wichtige Vorbereitungen f\u00fcr das bevorstehende K\u00f6nigsfischen am 30. Juni getroffen.<\/span><\/p>\n<p><span style=\"font-family: arial, helvetica, sans-serif\">Ein Team von vier Mitgliedern nahm sich mit Freischneidern den Angelstellen an und befreite diese von dem mittlerweile hochgewachsenen Gras. Zuvor hatte unser Mitglied Willi mit seinem Traktor die Wege gemulcht, was die Arbeiten erleichterte.<\/span><\/p>\n<p><span style=\"font-family: arial, helvetica, sans-serif\">Hinter den Freischneidern sammelten die Arbeitsdienstler das Schnittgut zusammen und entfernten M\u00fcll. Es ist bedauerlich, dass einige Angler unsere Gew\u00e4sser als M\u00fcllhalde missbrauchen und ihre Abf\u00e4lle einfach zur\u00fccklassen.<\/span><\/p>\n<p><span style=\"font-family: arial, helvetica, sans-serif\">Unsere Weiher in Scheyern waren vor zwei Wochen vom Hochwasser betroffen, das erhebliche Mengen an Totholz und Schlamm mit sich brachte.<\/span><\/p>\n<p><span style=\"font-family: arial, helvetica, sans-serif\">Um die Durchl\u00e4ssigkeit der Zu- und Abl\u00e4ufe wiederherzustellen, mussten wir kr\u00e4ftig anpacken und Schlamm sowie Sand schaufeln.<\/span><\/p>\n<p><span style=\"font-family: arial, helvetica, sans-serif\">Die Staubereiche im Schnatterbach sowie im gro\u00dfen Sandfang waren vollst\u00e4ndig zugesetzt und wurden mit Rechen und Schaufeln vom Sediment befreit.<\/span><\/p>\n<p><span style=\"font-family: arial, helvetica, sans-serif\">Besonders erw\u00e4hnenswert ist der Revisionsschacht am Zulauf zum oberen Weiher, der vollst\u00e4ndig mit Schlamm gef\u00fcllt war und bis zum Grund freigeschaufelt wurde.<\/span><\/p>\n<p><span style=\"font-family: arial, helvetica, sans-serif\">Dank dieser Anstrengungen ist die Wasserversorgung nun wieder sichergestellt.<\/span><\/p>\n<p><span style=\"font-family: arial, helvetica, sans-serif\">Um die in den Weihern treibenden \u00c4ste zu bergen, setzten die Helfer sogar ein Boot und ein Quad ein. Auf diese Weise wurden zahlreiche \u00c4ste aus den Weihern entfernt, wodurch die H\u00e4ngergefahr f\u00fcr Angler deutlich reduziert wurde.<\/span><\/p>\n<p><span style=\"font-family: arial, helvetica, sans-serif\">Das gesammelte Totholz wurde zerkleinert und entsorgt. Die ungew\u00f6hnlich gro\u00dfe Wasserfl\u00e4che durch das Hochwasser nutzten einige Fische, um in den Schnatterbach umzuziehen.<\/span><\/p>\n<p><span style=\"font-family: arial, helvetica, sans-serif\">Mit Kescher und Wathose fingen die Helfer die umgesiedelten Fische ein und setzten sie in ihre angestammte Heimat zur\u00fcck.<\/span><\/p>\n<p><span style=\"font-family: arial, helvetica, sans-serif\">Wir danken allen flei\u00dfigen Helfern, die es uns erm\u00f6glicht haben, unsere Weiher so kurz nach dem Hochwasser f\u00fcr das K\u00f6nigsfischen fit zu machen. Euer Einsatz und Engagement sind unbezahlbar!<\/span><\/p>\n<p><span style=\"font-family: arial, helvetica, sans-serif\">Bericht: Andreas Brucklacher \/ Jan Kampling<\/span><\/p>\n<p><span style=\"font-family: arial, helvetica, sans-serif\">Fotos:<\/span><\/p>\n<p>&nbsp;<\/p>\n<div class=\"textLayer\" data-main-rotation=\"0\">\n<p><img loading=\"lazy\" decoding=\"async\" class=\"aligncenter\" src=\"https:\/\/www.fischwaid-muenchen.de\/wp-content\/uploads\/2024\/06\/AD_Scheyern_1506_6-Gross.jpg\" alt=\"\" width=\"1080\" height=\"810\" \/><\/p>\n<p><img loading=\"lazy\" decoding=\"async\" class=\"aligncenter\" src=\"https:\/\/www.fischwaid-muenchen.de\/wp-content\/uploads\/2024\/06\/AD_Scheyern_1506-Gross.jpg\" alt=\"\" width=\"1080\" height=\"810\" \/><\/p>\n<p><img loading=\"lazy\" decoding=\"async\" class=\"aligncenter\" src=\"https:\/\/www.fischwaid-muenchen.de\/wp-content\/uploads\/2024\/06\/AD_Scheyern_1506_1-Gross.jpg\" alt=\"\" width=\"1080\" height=\"810\" \/><\/p>\n<p><img loading=\"lazy\" decoding=\"async\" class=\"aligncenter\" src=\"https:\/\/www.fischwaid-muenchen.de\/wp-content\/uploads\/2024\/06\/AD_Scheyern_1506_3-Gross.jpg\" alt=\"\" width=\"1080\" height=\"810\" \/><\/p>\n<p><img loading=\"lazy\" decoding=\"async\" class=\"aligncenter\" src=\"https:\/\/www.fischwaid-muenchen.de\/wp-content\/uploads\/2024\/06\/AD_Scheyern_1506_4-Gross.jpg\" alt=\"\" width=\"1080\" height=\"810\" \/><\/p>\n<p><img loading=\"lazy\" decoding=\"async\" class=\"aligncenter\" src=\"https:\/\/www.fischwaid-muenchen.de\/wp-content\/uploads\/2024\/06\/AD_Scheyern_1506_5-Gross.jpg\" alt=\"\" width=\"1080\" height=\"810\" \/><\/p>\n<p><img loading=\"lazy\" decoding=\"async\" class=\"aligncenter\" src=\"https:\/\/www.fischwaid-muenchen.de\/wp-content\/uploads\/2024\/06\/AD_Scheyern_1506_2-Gross.jpg\" alt=\"\" width=\"1080\" height=\"810\" \/><\/p>\n<p><img loading=\"lazy\" decoding=\"async\" class=\"aligncenter\" src=\"https:\/\/www.fischwaid-muenchen.de\/wp-content\/uploads\/2024\/06\/AD_Scheyern_1506_7-Gross.jpg\" alt=\"\" width=\"1080\" height=\"810\" \/><\/p>\n<p><img loading=\"lazy\" decoding=\"async\" class=\"aligncenter\" src=\"https:\/\/www.fischwaid-muenchen.de\/wp-content\/uploads\/2024\/06\/AD_Scheyern_1506_8-Gross.jpg\" alt=\"\" width=\"1080\" height=\"810\" \/><\/p>\n<p><img loading=\"lazy\" decoding=\"async\" class=\"aligncenter\" src=\"https:\/\/www.fischwaid-muenchen.de\/wp-content\/uploads\/2024\/06\/AD_Scheyern_1506_9-Gross.jpg\" alt=\"\" width=\"1080\" height=\"810\" \/><\/p>\n<\/div>\n<\/div>\n<\/div><\/div><\/div><\/div><\/div><\/div>","protected":false},"excerpt":{"rendered":"<p>Nur knapp einen Monat nach dem letzten erfolgreichen Arbeitsdienst fanden sich am 15. Juni elf engagierte Mitglieder zu einem weiteren Einsatz in Scheyern ein. Unter der fachkundigen Anleitung unserer Gew\u00e4sserbetreuer Alex Huber, Thomas Muhr und Tobias Jordan wurden wichtige Vorbereitungen f\u00fcr das bevorstehende K\u00f6nigsfischen am 30. Juni getroffen. Ein Team&#8230;<\/p>\n<p class=\"continue-reading-button\"> <a class=\"continue-reading-link\" href=\"https:\/\/www.fischwaid-muenchen.de\/?p=4322\">weiter<i class=\"crycon-right-dir\"><\/i><\/a><\/p>\n","protected":false},"author":9,"featured_media":0,"comment_status":"closed","ping_status":"closed","sticky":false,"template":"","format":"standard","meta":{"footnotes":""},"categories":[7],"tags":[],"wf_post_folders":[],"class_list":["post-4322","post","type-post","status-publish","format-standard","hentry","category-aktuelles"],"yoast_head":"<!-- This site is optimized with the Yoast SEO plugin v27.4 - https:\/\/yoast.com\/product\/yoast-seo-wordpress\/ -->\n<title>Arbeitsdienst in Scheyern am 15.06.2024 - Fischereiverein Fischwaid M\u00fcnchen e.V.<\/title>\n<meta name=\"robots\" content=\"index, follow, max-snippet:-1, max-image-preview:large, max-video-preview:-1\" \/>\n<link rel=\"canonical\" href=\"https:\/\/www.fischwaid-muenchen.de\/?p=4322\" \/>\n<meta property=\"og:locale\" content=\"de_DE\" \/>\n<meta property=\"og:type\" content=\"article\" \/>\n<meta property=\"og:title\" content=\"Arbeitsdienst in Scheyern am 15.06.2024 - Fischereiverein Fischwaid M\u00fcnchen e.V.\" \/>\n<meta property=\"og:description\" content=\"Nur knapp einen Monat nach dem letzten erfolgreichen Arbeitsdienst fanden sich am 15. Juni elf engagierte Mitglieder zu einem weiteren Einsatz in Scheyern ein. Unter der fachkundigen Anleitung unserer Gew\u00e4sserbetreuer Alex Huber, Thomas Muhr und Tobias Jordan wurden wichtige Vorbereitungen f\u00fcr das bevorstehende K\u00f6nigsfischen am 30. Juni getroffen. Ein Team... weiter\" \/>\n<meta property=\"og:url\" content=\"https:\/\/www.fischwaid-muenchen.de\/?p=4322\" \/>\n<meta property=\"og:site_name\" content=\"Fischereiverein Fischwaid M\u00fcnchen e.V.\" \/>\n<meta property=\"article:publisher\" content=\"https:\/\/www.facebook.com\/Fischereiverein-Fischwaid-Mnchen-eV-175669222446351\" \/>\n<meta property=\"article:published_time\" content=\"2024-06-21T16:38:55+00:00\" \/>\n<meta property=\"og:image\" content=\"https:\/\/www.fischwaid-muenchen.de\/wp-content\/uploads\/2024\/06\/AD_Scheyern_1506_6-Gross.jpg\" \/>\n<meta name=\"author\" content=\"Jan Kampling\" \/>\n<meta name=\"twitter:card\" content=\"summary_large_image\" \/>\n<script type=\"application\/ld+json\" class=\"yoast-schema-graph\">{\"@context\":\"https:\\\/\\\/schema.org\",\"@graph\":[{\"@type\":\"Article\",\"@id\":\"https:\\\/\\\/www.fischwaid-muenchen.de\\\/?p=4322#article\",\"isPartOf\":{\"@id\":\"https:\\\/\\\/www.fischwaid-muenchen.de\\\/?p=4322\"},\"author\":{\"name\":\"Jan Kampling\",\"@id\":\"https:\\\/\\\/www.fischwaid-muenchen.de\\\/#\\\/schema\\\/person\\\/e78a5ba73e599d7b5a429dded3e67dd3\"},\"headline\":\"Arbeitsdienst in Scheyern am 15.06.2024\",\"datePublished\":\"2024-06-21T16:38:55+00:00\",\"mainEntityOfPage\":{\"@id\":\"https:\\\/\\\/www.fischwaid-muenchen.de\\\/?p=4322\"},\"wordCount\":342,\"publisher\":{\"@id\":\"https:\\\/\\\/www.fischwaid-muenchen.de\\\/#organization\"},\"image\":{\"@id\":\"https:\\\/\\\/www.fischwaid-muenchen.de\\\/?p=4322#primaryimage\"},\"thumbnailUrl\":\"https:\\\/\\\/www.fischwaid-muenchen.de\\\/wp-content\\\/uploads\\\/2024\\\/06\\\/AD_Scheyern_1506_6-Gross.jpg\",\"articleSection\":[\"Aktuelles\"],\"inLanguage\":\"de\"},{\"@type\":\"WebPage\",\"@id\":\"https:\\\/\\\/www.fischwaid-muenchen.de\\\/?p=4322\",\"url\":\"https:\\\/\\\/www.fischwaid-muenchen.de\\\/?p=4322\",\"name\":\"Arbeitsdienst in Scheyern am 15.06.2024 - Fischereiverein Fischwaid M\u00fcnchen e.V.\",\"isPartOf\":{\"@id\":\"https:\\\/\\\/www.fischwaid-muenchen.de\\\/#website\"},\"primaryImageOfPage\":{\"@id\":\"https:\\\/\\\/www.fischwaid-muenchen.de\\\/?p=4322#primaryimage\"},\"image\":{\"@id\":\"https:\\\/\\\/www.fischwaid-muenchen.de\\\/?p=4322#primaryimage\"},\"thumbnailUrl\":\"https:\\\/\\\/www.fischwaid-muenchen.de\\\/wp-content\\\/uploads\\\/2024\\\/06\\\/AD_Scheyern_1506_6-Gross.jpg\",\"datePublished\":\"2024-06-21T16:38:55+00:00\",\"breadcrumb\":{\"@id\":\"https:\\\/\\\/www.fischwaid-muenchen.de\\\/?p=4322#breadcrumb\"},\"inLanguage\":\"de\",\"potentialAction\":[{\"@type\":\"ReadAction\",\"target\":[\"https:\\\/\\\/www.fischwaid-muenchen.de\\\/?p=4322\"]}]},{\"@type\":\"ImageObject\",\"inLanguage\":\"de\",\"@id\":\"https:\\\/\\\/www.fischwaid-muenchen.de\\\/?p=4322#primaryimage\",\"url\":\"https:\\\/\\\/www.fischwaid-muenchen.de\\\/wp-content\\\/uploads\\\/2024\\\/06\\\/AD_Scheyern_1506_6-Gross.jpg\",\"contentUrl\":\"https:\\\/\\\/www.fischwaid-muenchen.de\\\/wp-content\\\/uploads\\\/2024\\\/06\\\/AD_Scheyern_1506_6-Gross.jpg\",\"width\":1440,\"height\":1080},{\"@type\":\"BreadcrumbList\",\"@id\":\"https:\\\/\\\/www.fischwaid-muenchen.de\\\/?p=4322#breadcrumb\",\"itemListElement\":[{\"@type\":\"ListItem\",\"position\":1,\"name\":\"Startseite\",\"item\":\"https:\\\/\\\/www.fischwaid-muenchen.de\\\/\"},{\"@type\":\"ListItem\",\"position\":2,\"name\":\"Arbeitsdienst in Scheyern am 15.06.2024\"}]},{\"@type\":\"WebSite\",\"@id\":\"https:\\\/\\\/www.fischwaid-muenchen.de\\\/#website\",\"url\":\"https:\\\/\\\/www.fischwaid-muenchen.de\\\/\",\"name\":\"Fischereiverein Fischwaid M\u00fcnchen e.V.\",\"description\":\"\",\"publisher\":{\"@id\":\"https:\\\/\\\/www.fischwaid-muenchen.de\\\/#organization\"},\"potentialAction\":[{\"@type\":\"SearchAction\",\"target\":{\"@type\":\"EntryPoint\",\"urlTemplate\":\"https:\\\/\\\/www.fischwaid-muenchen.de\\\/?s={search_term_string}\"},\"query-input\":{\"@type\":\"PropertyValueSpecification\",\"valueRequired\":true,\"valueName\":\"search_term_string\"}}],\"inLanguage\":\"de\"},{\"@type\":\"Organization\",\"@id\":\"https:\\\/\\\/www.fischwaid-muenchen.de\\\/#organization\",\"name\":\"Fischwaid M\u00fcnchen e.V.\",\"url\":\"https:\\\/\\\/www.fischwaid-muenchen.de\\\/\",\"logo\":{\"@type\":\"ImageObject\",\"inLanguage\":\"de\",\"@id\":\"https:\\\/\\\/www.fischwaid-muenchen.de\\\/#\\\/schema\\\/logo\\\/image\\\/\",\"url\":\"https:\\\/\\\/www.fischwaid-muenchen.de\\\/wp-content\\\/uploads\\\/2021\\\/05\\\/fischwaid-logo.png\",\"contentUrl\":\"https:\\\/\\\/www.fischwaid-muenchen.de\\\/wp-content\\\/uploads\\\/2021\\\/05\\\/fischwaid-logo.png\",\"width\":1000,\"height\":1195,\"caption\":\"Fischwaid M\u00fcnchen e.V.\"},\"image\":{\"@id\":\"https:\\\/\\\/www.fischwaid-muenchen.de\\\/#\\\/schema\\\/logo\\\/image\\\/\"},\"sameAs\":[\"https:\\\/\\\/www.facebook.com\\\/Fischereiverein-Fischwaid-Mnchen-eV-175669222446351\",\"https:\\\/\\\/www.instagram.com\\\/fischwaid_muenchen_ev\\\/?igshid=YmMyMTA2M2Y=\"]},{\"@type\":\"Person\",\"@id\":\"https:\\\/\\\/www.fischwaid-muenchen.de\\\/#\\\/schema\\\/person\\\/e78a5ba73e599d7b5a429dded3e67dd3\",\"name\":\"Jan Kampling\",\"image\":{\"@type\":\"ImageObject\",\"inLanguage\":\"de\",\"@id\":\"https:\\\/\\\/secure.gravatar.com\\\/avatar\\\/192524a3344e80feca737d9d9e180633174b405cabce8a609eac716e5167d4ea?s=96&d=mm&r=g\",\"url\":\"https:\\\/\\\/secure.gravatar.com\\\/avatar\\\/192524a3344e80feca737d9d9e180633174b405cabce8a609eac716e5167d4ea?s=96&d=mm&r=g\",\"contentUrl\":\"https:\\\/\\\/secure.gravatar.com\\\/avatar\\\/192524a3344e80feca737d9d9e180633174b405cabce8a609eac716e5167d4ea?s=96&d=mm&r=g\",\"caption\":\"Jan Kampling\"},\"url\":\"https:\\\/\\\/www.fischwaid-muenchen.de\\\/?author=9\"}]}<\/script>\n<!-- \/ Yoast SEO plugin. -->","yoast_head_json":{"title":"Arbeitsdienst in Scheyern am 15.06.2024 - Fischereiverein Fischwaid M\u00fcnchen e.V.","robots":{"index":"index","follow":"follow","max-snippet":"max-snippet:-1","max-image-preview":"max-image-preview:large","max-video-preview":"max-video-preview:-1"},"canonical":"https:\/\/www.fischwaid-muenchen.de\/?p=4322","og_locale":"de_DE","og_type":"article","og_title":"Arbeitsdienst in Scheyern am 15.06.2024 - Fischereiverein Fischwaid M\u00fcnchen e.V.","og_description":"Nur knapp einen Monat nach dem letzten erfolgreichen Arbeitsdienst fanden sich am 15. Juni elf engagierte Mitglieder zu einem weiteren Einsatz in Scheyern ein. Unter der fachkundigen Anleitung unserer Gew\u00e4sserbetreuer Alex Huber, Thomas Muhr und Tobias Jordan wurden wichtige Vorbereitungen f\u00fcr das bevorstehende K\u00f6nigsfischen am 30. Juni getroffen. Ein Team... weiter","og_url":"https:\/\/www.fischwaid-muenchen.de\/?p=4322","og_site_name":"Fischereiverein Fischwaid M\u00fcnchen e.V.","article_publisher":"https:\/\/www.facebook.com\/Fischereiverein-Fischwaid-Mnchen-eV-175669222446351","article_published_time":"2024-06-21T16:38:55+00:00","og_image":[{"url":"https:\/\/www.fischwaid-muenchen.de\/wp-content\/uploads\/2024\/06\/AD_Scheyern_1506_6-Gross.jpg","type":"","width":"","height":""}],"author":"Jan Kampling","twitter_card":"summary_large_image","schema":{"@context":"https:\/\/schema.org","@graph":[{"@type":"Article","@id":"https:\/\/www.fischwaid-muenchen.de\/?p=4322#article","isPartOf":{"@id":"https:\/\/www.fischwaid-muenchen.de\/?p=4322"},"author":{"name":"Jan Kampling","@id":"https:\/\/www.fischwaid-muenchen.de\/#\/schema\/person\/e78a5ba73e599d7b5a429dded3e67dd3"},"headline":"Arbeitsdienst in Scheyern am 15.06.2024","datePublished":"2024-06-21T16:38:55+00:00","mainEntityOfPage":{"@id":"https:\/\/www.fischwaid-muenchen.de\/?p=4322"},"wordCount":342,"publisher":{"@id":"https:\/\/www.fischwaid-muenchen.de\/#organization"},"image":{"@id":"https:\/\/www.fischwaid-muenchen.de\/?p=4322#primaryimage"},"thumbnailUrl":"https:\/\/www.fischwaid-muenchen.de\/wp-content\/uploads\/2024\/06\/AD_Scheyern_1506_6-Gross.jpg","articleSection":["Aktuelles"],"inLanguage":"de"},{"@type":"WebPage","@id":"https:\/\/www.fischwaid-muenchen.de\/?p=4322","url":"https:\/\/www.fischwaid-muenchen.de\/?p=4322","name":"Arbeitsdienst in Scheyern am 15.06.2024 - Fischereiverein Fischwaid M\u00fcnchen e.V.","isPartOf":{"@id":"https:\/\/www.fischwaid-muenchen.de\/#website"},"primaryImageOfPage":{"@id":"https:\/\/www.fischwaid-muenchen.de\/?p=4322#primaryimage"},"image":{"@id":"https:\/\/www.fischwaid-muenchen.de\/?p=4322#primaryimage"},"thumbnailUrl":"https:\/\/www.fischwaid-muenchen.de\/wp-content\/uploads\/2024\/06\/AD_Scheyern_1506_6-Gross.jpg","datePublished":"2024-06-21T16:38:55+00:00","breadcrumb":{"@id":"https:\/\/www.fischwaid-muenchen.de\/?p=4322#breadcrumb"},"inLanguage":"de","potentialAction":[{"@type":"ReadAction","target":["https:\/\/www.fischwaid-muenchen.de\/?p=4322"]}]},{"@type":"ImageObject","inLanguage":"de","@id":"https:\/\/www.fischwaid-muenchen.de\/?p=4322#primaryimage","url":"https:\/\/www.fischwaid-muenchen.de\/wp-content\/uploads\/2024\/06\/AD_Scheyern_1506_6-Gross.jpg","contentUrl":"https:\/\/www.fischwaid-muenchen.de\/wp-content\/uploads\/2024\/06\/AD_Scheyern_1506_6-Gross.jpg","width":1440,"height":1080},{"@type":"BreadcrumbList","@id":"https:\/\/www.fischwaid-muenchen.de\/?p=4322#breadcrumb","itemListElement":[{"@type":"ListItem","position":1,"name":"Startseite","item":"https:\/\/www.fischwaid-muenchen.de\/"},{"@type":"ListItem","position":2,"name":"Arbeitsdienst in Scheyern am 15.06.2024"}]},{"@type":"WebSite","@id":"https:\/\/www.fischwaid-muenchen.de\/#website","url":"https:\/\/www.fischwaid-muenchen.de\/","name":"Fischereiverein Fischwaid M\u00fcnchen e.V.","description":"","publisher":{"@id":"https:\/\/www.fischwaid-muenchen.de\/#organization"},"potentialAction":[{"@type":"SearchAction","target":{"@type":"EntryPoint","urlTemplate":"https:\/\/www.fischwaid-muenchen.de\/?s={search_term_string}"},"query-input":{"@type":"PropertyValueSpecification","valueRequired":true,"valueName":"search_term_string"}}],"inLanguage":"de"},{"@type":"Organization","@id":"https:\/\/www.fischwaid-muenchen.de\/#organization","name":"Fischwaid M\u00fcnchen e.V.","url":"https:\/\/www.fischwaid-muenchen.de\/","logo":{"@type":"ImageObject","inLanguage":"de","@id":"https:\/\/www.fischwaid-muenchen.de\/#\/schema\/logo\/image\/","url":"https:\/\/www.fischwaid-muenchen.de\/wp-content\/uploads\/2021\/05\/fischwaid-logo.png","contentUrl":"https:\/\/www.fischwaid-muenchen.de\/wp-content\/uploads\/2021\/05\/fischwaid-logo.png","width":1000,"height":1195,"caption":"Fischwaid M\u00fcnchen e.V."},"image":{"@id":"https:\/\/www.fischwaid-muenchen.de\/#\/schema\/logo\/image\/"},"sameAs":["https:\/\/www.facebook.com\/Fischereiverein-Fischwaid-Mnchen-eV-175669222446351","https:\/\/www.instagram.com\/fischwaid_muenchen_ev\/?igshid=YmMyMTA2M2Y="]},{"@type":"Person","@id":"https:\/\/www.fischwaid-muenchen.de\/#\/schema\/person\/e78a5ba73e599d7b5a429dded3e67dd3","name":"Jan Kampling","image":{"@type":"ImageObject","inLanguage":"de","@id":"https:\/\/secure.gravatar.com\/avatar\/192524a3344e80feca737d9d9e180633174b405cabce8a609eac716e5167d4ea?s=96&d=mm&r=g","url":"https:\/\/secure.gravatar.com\/avatar\/192524a3344e80feca737d9d9e180633174b405cabce8a609eac716e5167d4ea?s=96&d=mm&r=g","contentUrl":"https:\/\/secure.gravatar.com\/avatar\/192524a3344e80feca737d9d9e180633174b405cabce8a609eac716e5167d4ea?s=96&d=mm&r=g","caption":"Jan Kampling"},"url":"https:\/\/www.fischwaid-muenchen.de\/?author=9"}]}},"_links":{"self":[{"href":"https:\/\/www.fischwaid-muenchen.de\/index.php?rest_route=\/wp\/v2\/posts\/4322","targetHints":{"allow":["GET"]}}],"collection":[{"href":"https:\/\/www.fischwaid-muenchen.de\/index.php?rest_route=\/wp\/v2\/posts"}],"about":[{"href":"https:\/\/www.fischwaid-muenchen.de\/index.php?rest_route=\/wp\/v2\/types\/post"}],"author":[{"embeddable":true,"href":"https:\/\/www.fischwaid-muenchen.de\/index.php?rest_route=\/wp\/v2\/users\/9"}],"replies":[{"embeddable":true,"href":"https:\/\/www.fischwaid-muenchen.de\/index.php?rest_route=%2Fwp%2Fv2%2Fcomments&post=4322"}],"version-history":[{"count":0,"href":"https:\/\/www.fischwaid-muenchen.de\/index.php?rest_route=\/wp\/v2\/posts\/4322\/revisions"}],"wp:attachment":[{"href":"https:\/\/www.fischwaid-muenchen.de\/index.php?rest_route=%2Fwp%2Fv2%2Fmedia&parent=4322"}],"wp:term":[{"taxonomy":"category","embeddable":true,"href":"https:\/\/www.fischwaid-muenchen.de\/index.php?rest_route=%2Fwp%2Fv2%2Fcategories&post=4322"},{"taxonomy":"post_tag","embeddable":true,"href":"https:\/\/www.fischwaid-muenchen.de\/index.php?rest_route=%2Fwp%2Fv2%2Ftags&post=4322"},{"taxonomy":"wf_post_folders","embeddable":true,"href":"https:\/\/www.fischwaid-muenchen.de\/index.php?rest_route=%2Fwp%2Fv2%2Fwf_post_folders&post=4322"}],"curies":[{"name":"wp","href":"https:\/\/api.w.org\/{rel}","templated":true}]}}