{"id":4212,"date":"2024-05-03T19:11:29","date_gmt":"2024-05-03T17:11:29","guid":{"rendered":"https:\/\/www.fischwaid-muenchen.de\/?p=4212"},"modified":"2024-05-03T19:12:50","modified_gmt":"2024-05-03T17:12:50","slug":"fruehjahresbesatz-am-waldsee-und-in-scheyern","status":"publish","type":"post","link":"https:\/\/www.fischwaid-muenchen.de\/?p=4212","title":{"rendered":"Fr\u00fchjahresbesatz am Waldsee und in Scheyern"},"content":{"rendered":"<div id=\"pl-4212\"  class=\"panel-layout\" ><div id=\"pg-4212-0\"  class=\"panel-grid panel-no-style\" ><div id=\"pgc-4212-0-0\"  class=\"panel-grid-cell\" ><div id=\"panel-4212-0-0-0\" class=\"so-panel widget widget_sow-editor panel-first-child panel-last-child\" data-index=\"0\" ><div class=\"panel-widget-style panel-widget-style-for-4212-0-0-0\" ><div\n\t\t\t\n\t\t\tclass=\"so-widget-sow-editor so-widget-sow-editor-base\"\n\t\t\t\n\t\t>\n<div class=\"siteorigin-widget-tinymce textwidget\">\n\t<p><span style=\"font-family: arial, helvetica, sans-serif\">Zur Erhaltung und F\u00f6rderung der Fischpopulation wurden auch der Waldsee und Scheyern mit Fischen besetzt!<\/span><\/p>\n<p><span style=\"font-family: arial, helvetica, sans-serif\">Hier ein paar Impressionen:<\/span><\/p>\n<div class=\"textLayer\" data-main-rotation=\"0\">\n<p><img loading=\"lazy\" decoding=\"async\" class=\"aligncenter\" src=\"https:\/\/www.fischwaid-muenchen.de\/wp-content\/uploads\/2024\/05\/Fruehjahresbesatz_Waldsee_Scheyern_1.jpg\" alt=\"\" width=\"1080\" height=\"810\" \/><\/p>\n<\/div>\n<p><img loading=\"lazy\" decoding=\"async\" class=\"aligncenter\" src=\"https:\/\/www.fischwaid-muenchen.de\/wp-content\/uploads\/2024\/05\/Fruehjahresbesatz_Waldsee_Scheyern_2.jpg\" alt=\"\" width=\"1080\" height=\"810\" \/><\/p>\n<p><img loading=\"lazy\" decoding=\"async\" class=\"aligncenter\" src=\"https:\/\/www.fischwaid-muenchen.de\/wp-content\/uploads\/2024\/05\/Fruehjahresbesatz_Waldsee_Scheyern_3.jpg\" alt=\"\" width=\"1080\" height=\"810\" \/><\/p>\n<p><img loading=\"lazy\" decoding=\"async\" class=\"aligncenter\" src=\"https:\/\/www.fischwaid-muenchen.de\/wp-content\/uploads\/2024\/05\/Fruehjahresbesatz_Waldsee_Scheyern_4.jpg\" alt=\"\" width=\"1080\" height=\"810\" \/><\/p>\n<\/div>\n<\/div><\/div><\/div><\/div><\/div><\/div>","protected":false},"excerpt":{"rendered":"<p>Zur Erhaltung und F\u00f6rderung der Fischpopulation wurden auch der Waldsee und Scheyern mit Fischen besetzt! Hier ein paar Impressionen:<\/p>\n<p class=\"continue-reading-button\"> <a class=\"continue-reading-link\" href=\"https:\/\/www.fischwaid-muenchen.de\/?p=4212\">weiter<i class=\"crycon-right-dir\"><\/i><\/a><\/p>\n","protected":false},"author":9,"featured_media":0,"comment_status":"closed","ping_status":"closed","sticky":false,"template":"","format":"standard","meta":{"footnotes":""},"categories":[7],"tags":[],"wf_post_folders":[],"class_list":["post-4212","post","type-post","status-publish","format-standard","hentry","category-aktuelles"],"yoast_head":"<!-- This site is optimized with the Yoast SEO plugin v27.4 - https:\/\/yoast.com\/product\/yoast-seo-wordpress\/ -->\n<title>Fr\u00fchjahresbesatz am Waldsee und in Scheyern - Fischereiverein Fischwaid M\u00fcnchen e.V.<\/title>\n<meta name=\"robots\" content=\"index, follow, max-snippet:-1, max-image-preview:large, max-video-preview:-1\" \/>\n<link rel=\"canonical\" href=\"https:\/\/www.fischwaid-muenchen.de\/?p=4212\" \/>\n<meta property=\"og:locale\" content=\"de_DE\" \/>\n<meta property=\"og:type\" content=\"article\" \/>\n<meta property=\"og:title\" content=\"Fr\u00fchjahresbesatz am Waldsee und in Scheyern - Fischereiverein Fischwaid M\u00fcnchen e.V.\" \/>\n<meta property=\"og:description\" content=\"Zur Erhaltung und F\u00f6rderung der Fischpopulation wurden auch der Waldsee und Scheyern mit Fischen besetzt! Hier ein paar Impressionen: weiter\" \/>\n<meta property=\"og:url\" content=\"https:\/\/www.fischwaid-muenchen.de\/?p=4212\" \/>\n<meta property=\"og:site_name\" content=\"Fischereiverein Fischwaid M\u00fcnchen e.V.\" \/>\n<meta property=\"article:publisher\" content=\"https:\/\/www.facebook.com\/Fischereiverein-Fischwaid-Mnchen-eV-175669222446351\" \/>\n<meta property=\"article:published_time\" content=\"2024-05-03T17:11:29+00:00\" \/>\n<meta property=\"article:modified_time\" content=\"2024-05-03T17:12:50+00:00\" \/>\n<meta property=\"og:image\" content=\"https:\/\/www.fischwaid-muenchen.de\/wp-content\/uploads\/2024\/05\/Fruehjahresbesatz_Waldsee_Scheyern_1.jpg\" \/>\n<meta name=\"author\" content=\"Jan Kampling\" \/>\n<meta name=\"twitter:card\" content=\"summary_large_image\" \/>\n<script type=\"application\/ld+json\" class=\"yoast-schema-graph\">{\"@context\":\"https:\\\/\\\/schema.org\",\"@graph\":[{\"@type\":\"Article\",\"@id\":\"https:\\\/\\\/www.fischwaid-muenchen.de\\\/?p=4212#article\",\"isPartOf\":{\"@id\":\"https:\\\/\\\/www.fischwaid-muenchen.de\\\/?p=4212\"},\"author\":{\"name\":\"Jan Kampling\",\"@id\":\"https:\\\/\\\/www.fischwaid-muenchen.de\\\/#\\\/schema\\\/person\\\/e78a5ba73e599d7b5a429dded3e67dd3\"},\"headline\":\"Fr\u00fchjahresbesatz am Waldsee und in Scheyern\",\"datePublished\":\"2024-05-03T17:11:29+00:00\",\"dateModified\":\"2024-05-03T17:12:50+00:00\",\"mainEntityOfPage\":{\"@id\":\"https:\\\/\\\/www.fischwaid-muenchen.de\\\/?p=4212\"},\"wordCount\":27,\"publisher\":{\"@id\":\"https:\\\/\\\/www.fischwaid-muenchen.de\\\/#organization\"},\"image\":{\"@id\":\"https:\\\/\\\/www.fischwaid-muenchen.de\\\/?p=4212#primaryimage\"},\"thumbnailUrl\":\"https:\\\/\\\/www.fischwaid-muenchen.de\\\/wp-content\\\/uploads\\\/2024\\\/05\\\/Fruehjahresbesatz_Waldsee_Scheyern_1.jpg\",\"articleSection\":[\"Aktuelles\"],\"inLanguage\":\"de\"},{\"@type\":\"WebPage\",\"@id\":\"https:\\\/\\\/www.fischwaid-muenchen.de\\\/?p=4212\",\"url\":\"https:\\\/\\\/www.fischwaid-muenchen.de\\\/?p=4212\",\"name\":\"Fr\u00fchjahresbesatz am Waldsee und in Scheyern - Fischereiverein Fischwaid M\u00fcnchen e.V.\",\"isPartOf\":{\"@id\":\"https:\\\/\\\/www.fischwaid-muenchen.de\\\/#website\"},\"primaryImageOfPage\":{\"@id\":\"https:\\\/\\\/www.fischwaid-muenchen.de\\\/?p=4212#primaryimage\"},\"image\":{\"@id\":\"https:\\\/\\\/www.fischwaid-muenchen.de\\\/?p=4212#primaryimage\"},\"thumbnailUrl\":\"https:\\\/\\\/www.fischwaid-muenchen.de\\\/wp-content\\\/uploads\\\/2024\\\/05\\\/Fruehjahresbesatz_Waldsee_Scheyern_1.jpg\",\"datePublished\":\"2024-05-03T17:11:29+00:00\",\"dateModified\":\"2024-05-03T17:12:50+00:00\",\"breadcrumb\":{\"@id\":\"https:\\\/\\\/www.fischwaid-muenchen.de\\\/?p=4212#breadcrumb\"},\"inLanguage\":\"de\",\"potentialAction\":[{\"@type\":\"ReadAction\",\"target\":[\"https:\\\/\\\/www.fischwaid-muenchen.de\\\/?p=4212\"]}]},{\"@type\":\"ImageObject\",\"inLanguage\":\"de\",\"@id\":\"https:\\\/\\\/www.fischwaid-muenchen.de\\\/?p=4212#primaryimage\",\"url\":\"https:\\\/\\\/www.fischwaid-muenchen.de\\\/wp-content\\\/uploads\\\/2024\\\/05\\\/Fruehjahresbesatz_Waldsee_Scheyern_1.jpg\",\"contentUrl\":\"https:\\\/\\\/www.fischwaid-muenchen.de\\\/wp-content\\\/uploads\\\/2024\\\/05\\\/Fruehjahresbesatz_Waldsee_Scheyern_1.jpg\",\"width\":1440,\"height\":1080},{\"@type\":\"BreadcrumbList\",\"@id\":\"https:\\\/\\\/www.fischwaid-muenchen.de\\\/?p=4212#breadcrumb\",\"itemListElement\":[{\"@type\":\"ListItem\",\"position\":1,\"name\":\"Startseite\",\"item\":\"https:\\\/\\\/www.fischwaid-muenchen.de\\\/\"},{\"@type\":\"ListItem\",\"position\":2,\"name\":\"Fr\u00fchjahresbesatz am Waldsee und in Scheyern\"}]},{\"@type\":\"WebSite\",\"@id\":\"https:\\\/\\\/www.fischwaid-muenchen.de\\\/#website\",\"url\":\"https:\\\/\\\/www.fischwaid-muenchen.de\\\/\",\"name\":\"Fischereiverein Fischwaid M\u00fcnchen e.V.\",\"description\":\"\",\"publisher\":{\"@id\":\"https:\\\/\\\/www.fischwaid-muenchen.de\\\/#organization\"},\"potentialAction\":[{\"@type\":\"SearchAction\",\"target\":{\"@type\":\"EntryPoint\",\"urlTemplate\":\"https:\\\/\\\/www.fischwaid-muenchen.de\\\/?s={search_term_string}\"},\"query-input\":{\"@type\":\"PropertyValueSpecification\",\"valueRequired\":true,\"valueName\":\"search_term_string\"}}],\"inLanguage\":\"de\"},{\"@type\":\"Organization\",\"@id\":\"https:\\\/\\\/www.fischwaid-muenchen.de\\\/#organization\",\"name\":\"Fischwaid M\u00fcnchen e.V.\",\"url\":\"https:\\\/\\\/www.fischwaid-muenchen.de\\\/\",\"logo\":{\"@type\":\"ImageObject\",\"inLanguage\":\"de\",\"@id\":\"https:\\\/\\\/www.fischwaid-muenchen.de\\\/#\\\/schema\\\/logo\\\/image\\\/\",\"url\":\"https:\\\/\\\/www.fischwaid-muenchen.de\\\/wp-content\\\/uploads\\\/2021\\\/05\\\/fischwaid-logo.png\",\"contentUrl\":\"https:\\\/\\\/www.fischwaid-muenchen.de\\\/wp-content\\\/uploads\\\/2021\\\/05\\\/fischwaid-logo.png\",\"width\":1000,\"height\":1195,\"caption\":\"Fischwaid M\u00fcnchen e.V.\"},\"image\":{\"@id\":\"https:\\\/\\\/www.fischwaid-muenchen.de\\\/#\\\/schema\\\/logo\\\/image\\\/\"},\"sameAs\":[\"https:\\\/\\\/www.facebook.com\\\/Fischereiverein-Fischwaid-Mnchen-eV-175669222446351\",\"https:\\\/\\\/www.instagram.com\\\/fischwaid_muenchen_ev\\\/?igshid=YmMyMTA2M2Y=\"]},{\"@type\":\"Person\",\"@id\":\"https:\\\/\\\/www.fischwaid-muenchen.de\\\/#\\\/schema\\\/person\\\/e78a5ba73e599d7b5a429dded3e67dd3\",\"name\":\"Jan Kampling\",\"image\":{\"@type\":\"ImageObject\",\"inLanguage\":\"de\",\"@id\":\"https:\\\/\\\/secure.gravatar.com\\\/avatar\\\/192524a3344e80feca737d9d9e180633174b405cabce8a609eac716e5167d4ea?s=96&d=mm&r=g\",\"url\":\"https:\\\/\\\/secure.gravatar.com\\\/avatar\\\/192524a3344e80feca737d9d9e180633174b405cabce8a609eac716e5167d4ea?s=96&d=mm&r=g\",\"contentUrl\":\"https:\\\/\\\/secure.gravatar.com\\\/avatar\\\/192524a3344e80feca737d9d9e180633174b405cabce8a609eac716e5167d4ea?s=96&d=mm&r=g\",\"caption\":\"Jan Kampling\"},\"url\":\"https:\\\/\\\/www.fischwaid-muenchen.de\\\/?author=9\"}]}<\/script>\n<!-- \/ Yoast SEO plugin. -->","yoast_head_json":{"title":"Fr\u00fchjahresbesatz am Waldsee und in Scheyern - Fischereiverein Fischwaid M\u00fcnchen e.V.","robots":{"index":"index","follow":"follow","max-snippet":"max-snippet:-1","max-image-preview":"max-image-preview:large","max-video-preview":"max-video-preview:-1"},"canonical":"https:\/\/www.fischwaid-muenchen.de\/?p=4212","og_locale":"de_DE","og_type":"article","og_title":"Fr\u00fchjahresbesatz am Waldsee und in Scheyern - Fischereiverein Fischwaid M\u00fcnchen e.V.","og_description":"Zur Erhaltung und F\u00f6rderung der Fischpopulation wurden auch der Waldsee und Scheyern mit Fischen besetzt! Hier ein paar Impressionen: weiter","og_url":"https:\/\/www.fischwaid-muenchen.de\/?p=4212","og_site_name":"Fischereiverein Fischwaid M\u00fcnchen e.V.","article_publisher":"https:\/\/www.facebook.com\/Fischereiverein-Fischwaid-Mnchen-eV-175669222446351","article_published_time":"2024-05-03T17:11:29+00:00","article_modified_time":"2024-05-03T17:12:50+00:00","og_image":[{"url":"https:\/\/www.fischwaid-muenchen.de\/wp-content\/uploads\/2024\/05\/Fruehjahresbesatz_Waldsee_Scheyern_1.jpg","type":"","width":"","height":""}],"author":"Jan Kampling","twitter_card":"summary_large_image","schema":{"@context":"https:\/\/schema.org","@graph":[{"@type":"Article","@id":"https:\/\/www.fischwaid-muenchen.de\/?p=4212#article","isPartOf":{"@id":"https:\/\/www.fischwaid-muenchen.de\/?p=4212"},"author":{"name":"Jan Kampling","@id":"https:\/\/www.fischwaid-muenchen.de\/#\/schema\/person\/e78a5ba73e599d7b5a429dded3e67dd3"},"headline":"Fr\u00fchjahresbesatz am Waldsee und in Scheyern","datePublished":"2024-05-03T17:11:29+00:00","dateModified":"2024-05-03T17:12:50+00:00","mainEntityOfPage":{"@id":"https:\/\/www.fischwaid-muenchen.de\/?p=4212"},"wordCount":27,"publisher":{"@id":"https:\/\/www.fischwaid-muenchen.de\/#organization"},"image":{"@id":"https:\/\/www.fischwaid-muenchen.de\/?p=4212#primaryimage"},"thumbnailUrl":"https:\/\/www.fischwaid-muenchen.de\/wp-content\/uploads\/2024\/05\/Fruehjahresbesatz_Waldsee_Scheyern_1.jpg","articleSection":["Aktuelles"],"inLanguage":"de"},{"@type":"WebPage","@id":"https:\/\/www.fischwaid-muenchen.de\/?p=4212","url":"https:\/\/www.fischwaid-muenchen.de\/?p=4212","name":"Fr\u00fchjahresbesatz am Waldsee und in Scheyern - Fischereiverein Fischwaid M\u00fcnchen e.V.","isPartOf":{"@id":"https:\/\/www.fischwaid-muenchen.de\/#website"},"primaryImageOfPage":{"@id":"https:\/\/www.fischwaid-muenchen.de\/?p=4212#primaryimage"},"image":{"@id":"https:\/\/www.fischwaid-muenchen.de\/?p=4212#primaryimage"},"thumbnailUrl":"https:\/\/www.fischwaid-muenchen.de\/wp-content\/uploads\/2024\/05\/Fruehjahresbesatz_Waldsee_Scheyern_1.jpg","datePublished":"2024-05-03T17:11:29+00:00","dateModified":"2024-05-03T17:12:50+00:00","breadcrumb":{"@id":"https:\/\/www.fischwaid-muenchen.de\/?p=4212#breadcrumb"},"inLanguage":"de","potentialAction":[{"@type":"ReadAction","target":["https:\/\/www.fischwaid-muenchen.de\/?p=4212"]}]},{"@type":"ImageObject","inLanguage":"de","@id":"https:\/\/www.fischwaid-muenchen.de\/?p=4212#primaryimage","url":"https:\/\/www.fischwaid-muenchen.de\/wp-content\/uploads\/2024\/05\/Fruehjahresbesatz_Waldsee_Scheyern_1.jpg","contentUrl":"https:\/\/www.fischwaid-muenchen.de\/wp-content\/uploads\/2024\/05\/Fruehjahresbesatz_Waldsee_Scheyern_1.jpg","width":1440,"height":1080},{"@type":"BreadcrumbList","@id":"https:\/\/www.fischwaid-muenchen.de\/?p=4212#breadcrumb","itemListElement":[{"@type":"ListItem","position":1,"name":"Startseite","item":"https:\/\/www.fischwaid-muenchen.de\/"},{"@type":"ListItem","position":2,"name":"Fr\u00fchjahresbesatz am Waldsee und in Scheyern"}]},{"@type":"WebSite","@id":"https:\/\/www.fischwaid-muenchen.de\/#website","url":"https:\/\/www.fischwaid-muenchen.de\/","name":"Fischereiverein Fischwaid M\u00fcnchen e.V.","description":"","publisher":{"@id":"https:\/\/www.fischwaid-muenchen.de\/#organization"},"potentialAction":[{"@type":"SearchAction","target":{"@type":"EntryPoint","urlTemplate":"https:\/\/www.fischwaid-muenchen.de\/?s={search_term_string}"},"query-input":{"@type":"PropertyValueSpecification","valueRequired":true,"valueName":"search_term_string"}}],"inLanguage":"de"},{"@type":"Organization","@id":"https:\/\/www.fischwaid-muenchen.de\/#organization","name":"Fischwaid M\u00fcnchen e.V.","url":"https:\/\/www.fischwaid-muenchen.de\/","logo":{"@type":"ImageObject","inLanguage":"de","@id":"https:\/\/www.fischwaid-muenchen.de\/#\/schema\/logo\/image\/","url":"https:\/\/www.fischwaid-muenchen.de\/wp-content\/uploads\/2021\/05\/fischwaid-logo.png","contentUrl":"https:\/\/www.fischwaid-muenchen.de\/wp-content\/uploads\/2021\/05\/fischwaid-logo.png","width":1000,"height":1195,"caption":"Fischwaid M\u00fcnchen e.V."},"image":{"@id":"https:\/\/www.fischwaid-muenchen.de\/#\/schema\/logo\/image\/"},"sameAs":["https:\/\/www.facebook.com\/Fischereiverein-Fischwaid-Mnchen-eV-175669222446351","https:\/\/www.instagram.com\/fischwaid_muenchen_ev\/?igshid=YmMyMTA2M2Y="]},{"@type":"Person","@id":"https:\/\/www.fischwaid-muenchen.de\/#\/schema\/person\/e78a5ba73e599d7b5a429dded3e67dd3","name":"Jan Kampling","image":{"@type":"ImageObject","inLanguage":"de","@id":"https:\/\/secure.gravatar.com\/avatar\/192524a3344e80feca737d9d9e180633174b405cabce8a609eac716e5167d4ea?s=96&d=mm&r=g","url":"https:\/\/secure.gravatar.com\/avatar\/192524a3344e80feca737d9d9e180633174b405cabce8a609eac716e5167d4ea?s=96&d=mm&r=g","contentUrl":"https:\/\/secure.gravatar.com\/avatar\/192524a3344e80feca737d9d9e180633174b405cabce8a609eac716e5167d4ea?s=96&d=mm&r=g","caption":"Jan Kampling"},"url":"https:\/\/www.fischwaid-muenchen.de\/?author=9"}]}},"_links":{"self":[{"href":"https:\/\/www.fischwaid-muenchen.de\/index.php?rest_route=\/wp\/v2\/posts\/4212","targetHints":{"allow":["GET"]}}],"collection":[{"href":"https:\/\/www.fischwaid-muenchen.de\/index.php?rest_route=\/wp\/v2\/posts"}],"about":[{"href":"https:\/\/www.fischwaid-muenchen.de\/index.php?rest_route=\/wp\/v2\/types\/post"}],"author":[{"embeddable":true,"href":"https:\/\/www.fischwaid-muenchen.de\/index.php?rest_route=\/wp\/v2\/users\/9"}],"replies":[{"embeddable":true,"href":"https:\/\/www.fischwaid-muenchen.de\/index.php?rest_route=%2Fwp%2Fv2%2Fcomments&post=4212"}],"version-history":[{"count":0,"href":"https:\/\/www.fischwaid-muenchen.de\/index.php?rest_route=\/wp\/v2\/posts\/4212\/revisions"}],"wp:attachment":[{"href":"https:\/\/www.fischwaid-muenchen.de\/index.php?rest_route=%2Fwp%2Fv2%2Fmedia&parent=4212"}],"wp:term":[{"taxonomy":"category","embeddable":true,"href":"https:\/\/www.fischwaid-muenchen.de\/index.php?rest_route=%2Fwp%2Fv2%2Fcategories&post=4212"},{"taxonomy":"post_tag","embeddable":true,"href":"https:\/\/www.fischwaid-muenchen.de\/index.php?rest_route=%2Fwp%2Fv2%2Ftags&post=4212"},{"taxonomy":"wf_post_folders","embeddable":true,"href":"https:\/\/www.fischwaid-muenchen.de\/index.php?rest_route=%2Fwp%2Fv2%2Fwf_post_folders&post=4212"}],"curies":[{"name":"wp","href":"https:\/\/api.w.org\/{rel}","templated":true}]}}