{"id":3849,"date":"2024-02-20T15:25:35","date_gmt":"2024-02-20T13:25:35","guid":{"rendered":"https:\/\/www.fischwaid-muenchen.de\/?p=3849"},"modified":"2024-02-20T15:25:36","modified_gmt":"2024-02-20T13:25:36","slug":"arbeitsdienst-an-der-vils-am-17-02-2024","status":"publish","type":"post","link":"https:\/\/www.fischwaid-muenchen.de\/?p=3849","title":{"rendered":"Arbeitsdienst an der Vils am 17.02.2024"},"content":{"rendered":"<div id=\"pl-3849\"  class=\"panel-layout\" ><div id=\"pg-3849-0\"  class=\"panel-grid panel-no-style\" ><div id=\"pgc-3849-0-0\"  class=\"panel-grid-cell\" ><div id=\"panel-3849-0-0-0\" class=\"so-panel widget widget_sow-editor panel-first-child panel-last-child\" data-index=\"0\" ><div class=\"panel-widget-style panel-widget-style-for-3849-0-0-0\" ><div\n\t\t\t\n\t\t\tclass=\"so-widget-sow-editor so-widget-sow-editor-base\"\n\t\t\t\n\t\t>\n<div class=\"siteorigin-widget-tinymce textwidget\">\n\t<div class=\"textLayer\" data-main-rotation=\"0\">\n<p><span style=\"font-family: arial, helvetica, sans-serif\">Vergangenes Wochenende wurde an unseren Gew\u00e4ssern wieder flei\u00dfig gearbeitet, u. a. an der Vils.<\/span><\/p>\n<p><span style=\"font-family: arial, helvetica, sans-serif\">Am Samstag, den 17. Februar 2024 fand ein Arbeitsdienst entlang des Ufers der Vils statt. Von 08:00 bis 13:00 Uhr arbeiteten die Mitglieder unter der Leitung von Gew\u00e4sserbetreuer Rudolf Haber daran, den Bach von Unrat zu befreien und gleichzeitig B\u00e4ume und Str\u00e4ucher zur\u00fcckzuschneiden, damit u. a. auch Angelstellen frei werden.<\/span><\/p>\n<p><img loading=\"lazy\" decoding=\"async\" class=\"aligncenter\" src=\"https:\/\/www.fischwaid-muenchen.de\/wp-content\/uploads\/2024\/02\/AD_Vils_02_17-13.jpg\" alt=\"\" width=\"1080\" height=\"810\" \/><\/p>\n<p><img loading=\"lazy\" decoding=\"async\" class=\"aligncenter\" src=\"https:\/\/www.fischwaid-muenchen.de\/wp-content\/uploads\/2024\/02\/AD_Vils_02_17-6.jpg\" alt=\"\" width=\"1080\" height=\"810\" \/><\/p>\n<p><img loading=\"lazy\" decoding=\"async\" class=\"aligncenter\" src=\"https:\/\/www.fischwaid-muenchen.de\/wp-content\/uploads\/2024\/02\/AD_Vils_02_17-8.jpg\" alt=\"\" width=\"1080\" height=\"810\" \/><\/p>\n<p><img loading=\"lazy\" decoding=\"async\" class=\"aligncenter\" src=\"https:\/\/www.fischwaid-muenchen.de\/wp-content\/uploads\/2024\/02\/AD_Vils_02_17-10.jpg\" alt=\"\" width=\"1080\" height=\"810\" \/><\/p>\n<p><img loading=\"lazy\" decoding=\"async\" class=\"aligncenter\" src=\"https:\/\/www.fischwaid-muenchen.de\/wp-content\/uploads\/2024\/02\/AD_Vils_02_17-11.jpg\" alt=\"\" width=\"1080\" height=\"810\" \/><\/p>\n<p><img loading=\"lazy\" decoding=\"async\" class=\"aligncenter\" src=\"https:\/\/www.fischwaid-muenchen.de\/wp-content\/uploads\/2024\/02\/AD_Vils_02_17-17.jpg\" alt=\"\" width=\"1080\" height=\"810\" \/><\/p>\n<p><img loading=\"lazy\" decoding=\"async\" class=\"aligncenter\" src=\"https:\/\/www.fischwaid-muenchen.de\/wp-content\/uploads\/2024\/02\/AD_Vils_02_17-14.jpg\" alt=\"\" width=\"1080\" height=\"810\" \/><\/p>\n<p><img loading=\"lazy\" decoding=\"async\" class=\"aligncenter\" src=\"https:\/\/www.fischwaid-muenchen.de\/wp-content\/uploads\/2024\/02\/AD_Vils_02_17-2.jpg\" alt=\"\" width=\"1080\" height=\"810\" \/><\/p>\n<p>&nbsp;<\/p>\n<p><span style=\"font-family: arial, helvetica, sans-serif\">Besonders hervorzuheben ist die freiwillige Teilnahme und der herausragende Einsatz von Fabian Pyrkosch, einem engagierten Jungfischer. <\/span><span style=\"font-family: arial, helvetica, sans-serif\">Mit gro\u00dfem Elan und Flei\u00df trug er zum Erfolg des Arbeitsdienstes bei.<\/span><\/p>\n<\/div>\n<p><img loading=\"lazy\" decoding=\"async\" class=\"aligncenter\" src=\"https:\/\/www.fischwaid-muenchen.de\/wp-content\/uploads\/2024\/02\/AD_Vils_02_17-9.jpg\" alt=\"\" width=\"1080\" height=\"810\" \/><\/p>\n<p>&nbsp;<\/p>\n<div class=\"textLayer\" data-main-rotation=\"0\">\n<p><span style=\"font-family: arial, helvetica, sans-serif\">Ein besonderer Dank geb\u00fchrt auch unserem Mitglied Markus Algasinger, der nicht nur seine Zeit und Arbeitskraft einbrachte, sondern dar\u00fcber hinaus Auto, Anh\u00e4nger und zwei Motors\u00e4gen zur Verf\u00fcgung stellte. <\/span><span style=\"font-family: arial, helvetica, sans-serif\">Zus\u00e4tzlich \u00fcbernahm Markus Algasinger die gesamte Entsorgung der gesammelten Materialien.<br \/>\nVielen Dank f\u00fcr deinen gro\u00dfartigen Einsatz an der Vils, Markus!<\/span><\/p>\n<\/div>\n<p><img loading=\"lazy\" decoding=\"async\" class=\"aligncenter\" src=\"https:\/\/www.fischwaid-muenchen.de\/wp-content\/uploads\/2024\/02\/AD_Vils_02_17-18.jpg\" alt=\"\" width=\"1080\" height=\"810\" \/><\/p>\n<p><img loading=\"lazy\" decoding=\"async\" class=\"aligncenter\" src=\"https:\/\/www.fischwaid-muenchen.de\/wp-content\/uploads\/2024\/02\/AD_Vils_02_17-3.jpg\" alt=\"\" width=\"1080\" height=\"810\" \/><\/p>\n<p>&nbsp;<\/p>\n<p><span style=\"font-family: arial, helvetica, sans-serif\">Und so sch\u00f6n sieht die Vils nach getaner Arbeit aus:<\/span><\/p>\n<p><img loading=\"lazy\" decoding=\"async\" class=\"aligncenter\" src=\"https:\/\/www.fischwaid-muenchen.de\/wp-content\/uploads\/2024\/02\/AD_Vils_02_17-16.jpg\" alt=\"\" width=\"1080\" height=\"810\" \/><\/p>\n<p><img loading=\"lazy\" decoding=\"async\" class=\"aligncenter\" src=\"https:\/\/www.fischwaid-muenchen.de\/wp-content\/uploads\/2024\/02\/AD_Vils_02_17-19.jpg\" alt=\"\" width=\"1080\" height=\"810\" \/><\/p>\n<p><img loading=\"lazy\" decoding=\"async\" class=\"aligncenter\" src=\"https:\/\/www.fischwaid-muenchen.de\/wp-content\/uploads\/2024\/02\/AD_Vils_02_17-5.jpg\" alt=\"\" width=\"1080\" height=\"810\" \/><\/p>\n<p>&nbsp;<\/p>\n<p><span style=\"font-family: arial, helvetica, sans-serif\">Der Fund des Tages war \u00fcbrigens diese Statue:<\/span><\/p>\n<p><img loading=\"lazy\" decoding=\"async\" class=\"aligncenter\" src=\"https:\/\/www.fischwaid-muenchen.de\/wp-content\/uploads\/2024\/02\/AD_Vils_02_17-1.jpg\" alt=\"\" width=\"1080\" height=\"810\" \/><\/p>\n<p><span style=\"font-family: arial, helvetica, sans-serif\">Insgesamt war der Arbeitsdienst ein voller Erfolg und zeigt, wie durch gemeinsame Anstrengungen und die Bereitschaft zur Mitarbeit ein bedeutender Beitrag zum Umweltschutz und zur Versch\u00f6nerung unserer Infrastruktur der Gew\u00e4sser geleistet werden kann.<\/span><\/p>\n<p><span style=\"font-family: arial, helvetica, sans-serif\">Bericht: Jan Kampling \/ Rudolf Haber<\/span><\/p>\n<\/div>\n<\/div><\/div><\/div><\/div><\/div><\/div>","protected":false},"excerpt":{"rendered":"<p>Vergangenes Wochenende wurde an unseren Gew\u00e4ssern wieder flei\u00dfig gearbeitet, u. a. an der Vils. Am Samstag, den 17. Februar 2024 fand ein Arbeitsdienst entlang des Ufers der Vils statt. Von 08:00 bis 13:00 Uhr arbeiteten die Mitglieder unter der Leitung von Gew\u00e4sserbetreuer Rudolf Haber daran, den Bach von Unrat zu&#8230;<\/p>\n<p class=\"continue-reading-button\"> <a class=\"continue-reading-link\" href=\"https:\/\/www.fischwaid-muenchen.de\/?p=3849\">weiter<i class=\"crycon-right-dir\"><\/i><\/a><\/p>\n","protected":false},"author":9,"featured_media":0,"comment_status":"closed","ping_status":"closed","sticky":false,"template":"","format":"standard","meta":{"footnotes":""},"categories":[7],"tags":[],"wf_post_folders":[],"class_list":["post-3849","post","type-post","status-publish","format-standard","hentry","category-aktuelles"],"yoast_head":"<!-- This site is optimized with the Yoast SEO plugin v27.4 - https:\/\/yoast.com\/product\/yoast-seo-wordpress\/ -->\n<title>Arbeitsdienst an der Vils am 17.02.2024 - Fischereiverein Fischwaid M\u00fcnchen e.V.<\/title>\n<meta name=\"robots\" content=\"index, follow, max-snippet:-1, max-image-preview:large, max-video-preview:-1\" \/>\n<link rel=\"canonical\" href=\"https:\/\/www.fischwaid-muenchen.de\/?p=3849\" \/>\n<meta property=\"og:locale\" content=\"de_DE\" \/>\n<meta property=\"og:type\" content=\"article\" \/>\n<meta property=\"og:title\" content=\"Arbeitsdienst an der Vils am 17.02.2024 - Fischereiverein Fischwaid M\u00fcnchen e.V.\" \/>\n<meta property=\"og:description\" content=\"Vergangenes Wochenende wurde an unseren Gew\u00e4ssern wieder flei\u00dfig gearbeitet, u. a. an der Vils. Am Samstag, den 17. Februar 2024 fand ein Arbeitsdienst entlang des Ufers der Vils statt. Von 08:00 bis 13:00 Uhr arbeiteten die Mitglieder unter der Leitung von Gew\u00e4sserbetreuer Rudolf Haber daran, den Bach von Unrat zu... weiter\" \/>\n<meta property=\"og:url\" content=\"https:\/\/www.fischwaid-muenchen.de\/?p=3849\" \/>\n<meta property=\"og:site_name\" content=\"Fischereiverein Fischwaid M\u00fcnchen e.V.\" \/>\n<meta property=\"article:publisher\" content=\"https:\/\/www.facebook.com\/Fischereiverein-Fischwaid-Mnchen-eV-175669222446351\" \/>\n<meta property=\"article:published_time\" content=\"2024-02-20T13:25:35+00:00\" \/>\n<meta property=\"article:modified_time\" content=\"2024-02-20T13:25:36+00:00\" \/>\n<meta property=\"og:image\" content=\"https:\/\/www.fischwaid-muenchen.de\/wp-content\/uploads\/2024\/02\/AD_Vils_02_17-13.jpg\" \/>\n<meta name=\"author\" content=\"Jan Kampling\" \/>\n<meta name=\"twitter:card\" content=\"summary_large_image\" \/>\n<script type=\"application\/ld+json\" class=\"yoast-schema-graph\">{\"@context\":\"https:\\\/\\\/schema.org\",\"@graph\":[{\"@type\":\"Article\",\"@id\":\"https:\\\/\\\/www.fischwaid-muenchen.de\\\/?p=3849#article\",\"isPartOf\":{\"@id\":\"https:\\\/\\\/www.fischwaid-muenchen.de\\\/?p=3849\"},\"author\":{\"name\":\"Jan Kampling\",\"@id\":\"https:\\\/\\\/www.fischwaid-muenchen.de\\\/#\\\/schema\\\/person\\\/e78a5ba73e599d7b5a429dded3e67dd3\"},\"headline\":\"Arbeitsdienst an der Vils am 17.02.2024\",\"datePublished\":\"2024-02-20T13:25:35+00:00\",\"dateModified\":\"2024-02-20T13:25:36+00:00\",\"mainEntityOfPage\":{\"@id\":\"https:\\\/\\\/www.fischwaid-muenchen.de\\\/?p=3849\"},\"wordCount\":219,\"publisher\":{\"@id\":\"https:\\\/\\\/www.fischwaid-muenchen.de\\\/#organization\"},\"image\":{\"@id\":\"https:\\\/\\\/www.fischwaid-muenchen.de\\\/?p=3849#primaryimage\"},\"thumbnailUrl\":\"https:\\\/\\\/www.fischwaid-muenchen.de\\\/wp-content\\\/uploads\\\/2024\\\/02\\\/AD_Vils_02_17-13.jpg\",\"articleSection\":[\"Aktuelles\"],\"inLanguage\":\"de\"},{\"@type\":\"WebPage\",\"@id\":\"https:\\\/\\\/www.fischwaid-muenchen.de\\\/?p=3849\",\"url\":\"https:\\\/\\\/www.fischwaid-muenchen.de\\\/?p=3849\",\"name\":\"Arbeitsdienst an der Vils am 17.02.2024 - Fischereiverein Fischwaid M\u00fcnchen e.V.\",\"isPartOf\":{\"@id\":\"https:\\\/\\\/www.fischwaid-muenchen.de\\\/#website\"},\"primaryImageOfPage\":{\"@id\":\"https:\\\/\\\/www.fischwaid-muenchen.de\\\/?p=3849#primaryimage\"},\"image\":{\"@id\":\"https:\\\/\\\/www.fischwaid-muenchen.de\\\/?p=3849#primaryimage\"},\"thumbnailUrl\":\"https:\\\/\\\/www.fischwaid-muenchen.de\\\/wp-content\\\/uploads\\\/2024\\\/02\\\/AD_Vils_02_17-13.jpg\",\"datePublished\":\"2024-02-20T13:25:35+00:00\",\"dateModified\":\"2024-02-20T13:25:36+00:00\",\"breadcrumb\":{\"@id\":\"https:\\\/\\\/www.fischwaid-muenchen.de\\\/?p=3849#breadcrumb\"},\"inLanguage\":\"de\",\"potentialAction\":[{\"@type\":\"ReadAction\",\"target\":[\"https:\\\/\\\/www.fischwaid-muenchen.de\\\/?p=3849\"]}]},{\"@type\":\"ImageObject\",\"inLanguage\":\"de\",\"@id\":\"https:\\\/\\\/www.fischwaid-muenchen.de\\\/?p=3849#primaryimage\",\"url\":\"https:\\\/\\\/www.fischwaid-muenchen.de\\\/wp-content\\\/uploads\\\/2024\\\/02\\\/AD_Vils_02_17-13.jpg\",\"contentUrl\":\"https:\\\/\\\/www.fischwaid-muenchen.de\\\/wp-content\\\/uploads\\\/2024\\\/02\\\/AD_Vils_02_17-13.jpg\",\"width\":1440,\"height\":1080},{\"@type\":\"BreadcrumbList\",\"@id\":\"https:\\\/\\\/www.fischwaid-muenchen.de\\\/?p=3849#breadcrumb\",\"itemListElement\":[{\"@type\":\"ListItem\",\"position\":1,\"name\":\"Startseite\",\"item\":\"https:\\\/\\\/www.fischwaid-muenchen.de\\\/\"},{\"@type\":\"ListItem\",\"position\":2,\"name\":\"Arbeitsdienst an der Vils am 17.02.2024\"}]},{\"@type\":\"WebSite\",\"@id\":\"https:\\\/\\\/www.fischwaid-muenchen.de\\\/#website\",\"url\":\"https:\\\/\\\/www.fischwaid-muenchen.de\\\/\",\"name\":\"Fischereiverein Fischwaid M\u00fcnchen e.V.\",\"description\":\"\",\"publisher\":{\"@id\":\"https:\\\/\\\/www.fischwaid-muenchen.de\\\/#organization\"},\"potentialAction\":[{\"@type\":\"SearchAction\",\"target\":{\"@type\":\"EntryPoint\",\"urlTemplate\":\"https:\\\/\\\/www.fischwaid-muenchen.de\\\/?s={search_term_string}\"},\"query-input\":{\"@type\":\"PropertyValueSpecification\",\"valueRequired\":true,\"valueName\":\"search_term_string\"}}],\"inLanguage\":\"de\"},{\"@type\":\"Organization\",\"@id\":\"https:\\\/\\\/www.fischwaid-muenchen.de\\\/#organization\",\"name\":\"Fischwaid M\u00fcnchen e.V.\",\"url\":\"https:\\\/\\\/www.fischwaid-muenchen.de\\\/\",\"logo\":{\"@type\":\"ImageObject\",\"inLanguage\":\"de\",\"@id\":\"https:\\\/\\\/www.fischwaid-muenchen.de\\\/#\\\/schema\\\/logo\\\/image\\\/\",\"url\":\"https:\\\/\\\/www.fischwaid-muenchen.de\\\/wp-content\\\/uploads\\\/2021\\\/05\\\/fischwaid-logo.png\",\"contentUrl\":\"https:\\\/\\\/www.fischwaid-muenchen.de\\\/wp-content\\\/uploads\\\/2021\\\/05\\\/fischwaid-logo.png\",\"width\":1000,\"height\":1195,\"caption\":\"Fischwaid M\u00fcnchen e.V.\"},\"image\":{\"@id\":\"https:\\\/\\\/www.fischwaid-muenchen.de\\\/#\\\/schema\\\/logo\\\/image\\\/\"},\"sameAs\":[\"https:\\\/\\\/www.facebook.com\\\/Fischereiverein-Fischwaid-Mnchen-eV-175669222446351\",\"https:\\\/\\\/www.instagram.com\\\/fischwaid_muenchen_ev\\\/?igshid=YmMyMTA2M2Y=\"]},{\"@type\":\"Person\",\"@id\":\"https:\\\/\\\/www.fischwaid-muenchen.de\\\/#\\\/schema\\\/person\\\/e78a5ba73e599d7b5a429dded3e67dd3\",\"name\":\"Jan Kampling\",\"image\":{\"@type\":\"ImageObject\",\"inLanguage\":\"de\",\"@id\":\"https:\\\/\\\/secure.gravatar.com\\\/avatar\\\/192524a3344e80feca737d9d9e180633174b405cabce8a609eac716e5167d4ea?s=96&d=mm&r=g\",\"url\":\"https:\\\/\\\/secure.gravatar.com\\\/avatar\\\/192524a3344e80feca737d9d9e180633174b405cabce8a609eac716e5167d4ea?s=96&d=mm&r=g\",\"contentUrl\":\"https:\\\/\\\/secure.gravatar.com\\\/avatar\\\/192524a3344e80feca737d9d9e180633174b405cabce8a609eac716e5167d4ea?s=96&d=mm&r=g\",\"caption\":\"Jan Kampling\"},\"url\":\"https:\\\/\\\/www.fischwaid-muenchen.de\\\/?author=9\"}]}<\/script>\n<!-- \/ Yoast SEO plugin. -->","yoast_head_json":{"title":"Arbeitsdienst an der Vils am 17.02.2024 - Fischereiverein Fischwaid M\u00fcnchen e.V.","robots":{"index":"index","follow":"follow","max-snippet":"max-snippet:-1","max-image-preview":"max-image-preview:large","max-video-preview":"max-video-preview:-1"},"canonical":"https:\/\/www.fischwaid-muenchen.de\/?p=3849","og_locale":"de_DE","og_type":"article","og_title":"Arbeitsdienst an der Vils am 17.02.2024 - Fischereiverein Fischwaid M\u00fcnchen e.V.","og_description":"Vergangenes Wochenende wurde an unseren Gew\u00e4ssern wieder flei\u00dfig gearbeitet, u. a. an der Vils. Am Samstag, den 17. Februar 2024 fand ein Arbeitsdienst entlang des Ufers der Vils statt. Von 08:00 bis 13:00 Uhr arbeiteten die Mitglieder unter der Leitung von Gew\u00e4sserbetreuer Rudolf Haber daran, den Bach von Unrat zu... weiter","og_url":"https:\/\/www.fischwaid-muenchen.de\/?p=3849","og_site_name":"Fischereiverein Fischwaid M\u00fcnchen e.V.","article_publisher":"https:\/\/www.facebook.com\/Fischereiverein-Fischwaid-Mnchen-eV-175669222446351","article_published_time":"2024-02-20T13:25:35+00:00","article_modified_time":"2024-02-20T13:25:36+00:00","og_image":[{"url":"https:\/\/www.fischwaid-muenchen.de\/wp-content\/uploads\/2024\/02\/AD_Vils_02_17-13.jpg","type":"","width":"","height":""}],"author":"Jan Kampling","twitter_card":"summary_large_image","schema":{"@context":"https:\/\/schema.org","@graph":[{"@type":"Article","@id":"https:\/\/www.fischwaid-muenchen.de\/?p=3849#article","isPartOf":{"@id":"https:\/\/www.fischwaid-muenchen.de\/?p=3849"},"author":{"name":"Jan Kampling","@id":"https:\/\/www.fischwaid-muenchen.de\/#\/schema\/person\/e78a5ba73e599d7b5a429dded3e67dd3"},"headline":"Arbeitsdienst an der Vils am 17.02.2024","datePublished":"2024-02-20T13:25:35+00:00","dateModified":"2024-02-20T13:25:36+00:00","mainEntityOfPage":{"@id":"https:\/\/www.fischwaid-muenchen.de\/?p=3849"},"wordCount":219,"publisher":{"@id":"https:\/\/www.fischwaid-muenchen.de\/#organization"},"image":{"@id":"https:\/\/www.fischwaid-muenchen.de\/?p=3849#primaryimage"},"thumbnailUrl":"https:\/\/www.fischwaid-muenchen.de\/wp-content\/uploads\/2024\/02\/AD_Vils_02_17-13.jpg","articleSection":["Aktuelles"],"inLanguage":"de"},{"@type":"WebPage","@id":"https:\/\/www.fischwaid-muenchen.de\/?p=3849","url":"https:\/\/www.fischwaid-muenchen.de\/?p=3849","name":"Arbeitsdienst an der Vils am 17.02.2024 - Fischereiverein Fischwaid M\u00fcnchen e.V.","isPartOf":{"@id":"https:\/\/www.fischwaid-muenchen.de\/#website"},"primaryImageOfPage":{"@id":"https:\/\/www.fischwaid-muenchen.de\/?p=3849#primaryimage"},"image":{"@id":"https:\/\/www.fischwaid-muenchen.de\/?p=3849#primaryimage"},"thumbnailUrl":"https:\/\/www.fischwaid-muenchen.de\/wp-content\/uploads\/2024\/02\/AD_Vils_02_17-13.jpg","datePublished":"2024-02-20T13:25:35+00:00","dateModified":"2024-02-20T13:25:36+00:00","breadcrumb":{"@id":"https:\/\/www.fischwaid-muenchen.de\/?p=3849#breadcrumb"},"inLanguage":"de","potentialAction":[{"@type":"ReadAction","target":["https:\/\/www.fischwaid-muenchen.de\/?p=3849"]}]},{"@type":"ImageObject","inLanguage":"de","@id":"https:\/\/www.fischwaid-muenchen.de\/?p=3849#primaryimage","url":"https:\/\/www.fischwaid-muenchen.de\/wp-content\/uploads\/2024\/02\/AD_Vils_02_17-13.jpg","contentUrl":"https:\/\/www.fischwaid-muenchen.de\/wp-content\/uploads\/2024\/02\/AD_Vils_02_17-13.jpg","width":1440,"height":1080},{"@type":"BreadcrumbList","@id":"https:\/\/www.fischwaid-muenchen.de\/?p=3849#breadcrumb","itemListElement":[{"@type":"ListItem","position":1,"name":"Startseite","item":"https:\/\/www.fischwaid-muenchen.de\/"},{"@type":"ListItem","position":2,"name":"Arbeitsdienst an der Vils am 17.02.2024"}]},{"@type":"WebSite","@id":"https:\/\/www.fischwaid-muenchen.de\/#website","url":"https:\/\/www.fischwaid-muenchen.de\/","name":"Fischereiverein Fischwaid M\u00fcnchen e.V.","description":"","publisher":{"@id":"https:\/\/www.fischwaid-muenchen.de\/#organization"},"potentialAction":[{"@type":"SearchAction","target":{"@type":"EntryPoint","urlTemplate":"https:\/\/www.fischwaid-muenchen.de\/?s={search_term_string}"},"query-input":{"@type":"PropertyValueSpecification","valueRequired":true,"valueName":"search_term_string"}}],"inLanguage":"de"},{"@type":"Organization","@id":"https:\/\/www.fischwaid-muenchen.de\/#organization","name":"Fischwaid M\u00fcnchen e.V.","url":"https:\/\/www.fischwaid-muenchen.de\/","logo":{"@type":"ImageObject","inLanguage":"de","@id":"https:\/\/www.fischwaid-muenchen.de\/#\/schema\/logo\/image\/","url":"https:\/\/www.fischwaid-muenchen.de\/wp-content\/uploads\/2021\/05\/fischwaid-logo.png","contentUrl":"https:\/\/www.fischwaid-muenchen.de\/wp-content\/uploads\/2021\/05\/fischwaid-logo.png","width":1000,"height":1195,"caption":"Fischwaid M\u00fcnchen e.V."},"image":{"@id":"https:\/\/www.fischwaid-muenchen.de\/#\/schema\/logo\/image\/"},"sameAs":["https:\/\/www.facebook.com\/Fischereiverein-Fischwaid-Mnchen-eV-175669222446351","https:\/\/www.instagram.com\/fischwaid_muenchen_ev\/?igshid=YmMyMTA2M2Y="]},{"@type":"Person","@id":"https:\/\/www.fischwaid-muenchen.de\/#\/schema\/person\/e78a5ba73e599d7b5a429dded3e67dd3","name":"Jan Kampling","image":{"@type":"ImageObject","inLanguage":"de","@id":"https:\/\/secure.gravatar.com\/avatar\/192524a3344e80feca737d9d9e180633174b405cabce8a609eac716e5167d4ea?s=96&d=mm&r=g","url":"https:\/\/secure.gravatar.com\/avatar\/192524a3344e80feca737d9d9e180633174b405cabce8a609eac716e5167d4ea?s=96&d=mm&r=g","contentUrl":"https:\/\/secure.gravatar.com\/avatar\/192524a3344e80feca737d9d9e180633174b405cabce8a609eac716e5167d4ea?s=96&d=mm&r=g","caption":"Jan Kampling"},"url":"https:\/\/www.fischwaid-muenchen.de\/?author=9"}]}},"_links":{"self":[{"href":"https:\/\/www.fischwaid-muenchen.de\/index.php?rest_route=\/wp\/v2\/posts\/3849","targetHints":{"allow":["GET"]}}],"collection":[{"href":"https:\/\/www.fischwaid-muenchen.de\/index.php?rest_route=\/wp\/v2\/posts"}],"about":[{"href":"https:\/\/www.fischwaid-muenchen.de\/index.php?rest_route=\/wp\/v2\/types\/post"}],"author":[{"embeddable":true,"href":"https:\/\/www.fischwaid-muenchen.de\/index.php?rest_route=\/wp\/v2\/users\/9"}],"replies":[{"embeddable":true,"href":"https:\/\/www.fischwaid-muenchen.de\/index.php?rest_route=%2Fwp%2Fv2%2Fcomments&post=3849"}],"version-history":[{"count":0,"href":"https:\/\/www.fischwaid-muenchen.de\/index.php?rest_route=\/wp\/v2\/posts\/3849\/revisions"}],"wp:attachment":[{"href":"https:\/\/www.fischwaid-muenchen.de\/index.php?rest_route=%2Fwp%2Fv2%2Fmedia&parent=3849"}],"wp:term":[{"taxonomy":"category","embeddable":true,"href":"https:\/\/www.fischwaid-muenchen.de\/index.php?rest_route=%2Fwp%2Fv2%2Fcategories&post=3849"},{"taxonomy":"post_tag","embeddable":true,"href":"https:\/\/www.fischwaid-muenchen.de\/index.php?rest_route=%2Fwp%2Fv2%2Ftags&post=3849"},{"taxonomy":"wf_post_folders","embeddable":true,"href":"https:\/\/www.fischwaid-muenchen.de\/index.php?rest_route=%2Fwp%2Fv2%2Fwf_post_folders&post=3849"}],"curies":[{"name":"wp","href":"https:\/\/api.w.org\/{rel}","templated":true}]}}