{"id":3658,"date":"2023-12-05T20:49:01","date_gmt":"2023-12-05T18:49:01","guid":{"rendered":"https:\/\/www.fischwaid-muenchen.de\/?p=3658"},"modified":"2023-12-05T20:49:06","modified_gmt":"2023-12-05T18:49:06","slug":"arbeitsdienst-nasenbach-am-11-11-2023","status":"publish","type":"post","link":"https:\/\/www.fischwaid-muenchen.de\/?p=3658","title":{"rendered":"Arbeitsdienst Nasenbach am 11.11.2023"},"content":{"rendered":"<div id=\"pl-3658\"  class=\"panel-layout\" ><div id=\"pg-3658-0\"  class=\"panel-grid panel-no-style\" ><div id=\"pgc-3658-0-0\"  class=\"panel-grid-cell\" ><div id=\"panel-3658-0-0-0\" class=\"so-panel widget widget_sow-editor panel-first-child panel-last-child\" data-index=\"0\" ><div class=\"panel-widget-style panel-widget-style-for-3658-0-0-0\" ><div\n\t\t\t\n\t\t\tclass=\"so-widget-sow-editor so-widget-sow-editor-base\"\n\t\t\t\n\t\t>\n<div class=\"siteorigin-widget-tinymce textwidget\">\n\t<div class=\"textLayer\" data-main-rotation=\"0\">\n<p>Am Samstag, den 11. November 2023, trafen sich bei herbstlichem Wetter vier Mitglieder in Begleitung des Gew\u00e4sserbetreuers Martin Sellmaier am Nasenbach, um die Begehbarkeit eines Abschnitts wiederherzustellen. Mit gro\u00dfer Motivation gelang es der Gruppe, ein etwa 600 Meter langes St\u00fcck zu bearbeiten.<\/p>\n<p>Die anhaltende Problematik des Eschentriebsterbens wird uns weiterhin besch\u00e4ftigen. Weitere Arbeitseins\u00e4tze sind f\u00fcr Anfang des kommenden Jahres geplant.<\/p>\n<p>Ein besonderer Dank geht an die tatkr\u00e4ftige Truppe.<\/p>\n<\/div>\n<div class=\"textLayer\" style=\"text-align: center\" data-main-rotation=\"0\"><span style=\"font-family: arial, helvetica, sans-serif\">\u00a0<img loading=\"lazy\" decoding=\"async\" src=\"https:\/\/www.fischwaid-muenchen.de\/wp-content\/uploads\/2023\/12\/2023_11_Nasenbach-2.jpg\" alt=\"\" width=\"1600\" height=\"1200\" \/><\/span><\/div>\n<p style=\"text-align: center\"><img loading=\"lazy\" decoding=\"async\" src=\"https:\/\/www.fischwaid-muenchen.de\/wp-content\/uploads\/2023\/12\/2023_11_Nasenbach-3.jpg\" alt=\"\" width=\"1200\" height=\"1200\" \/><\/p>\n<p><img loading=\"lazy\" decoding=\"async\" class=\"aligncenter\" src=\"https:\/\/www.fischwaid-muenchen.de\/wp-content\/uploads\/2023\/12\/2023_11_Nasenbach-1-scaled.jpg\" alt=\"\" width=\"1200\" height=\"1200\" \/><\/p>\n<p>&nbsp;<\/p>\n<\/div>\n<\/div><\/div><\/div><\/div><\/div><\/div>","protected":false},"excerpt":{"rendered":"<p>Am Samstag, den 11. November 2023, trafen sich bei herbstlichem Wetter vier Mitglieder in Begleitung des Gew\u00e4sserbetreuers Martin Sellmaier am Nasenbach, um die Begehbarkeit eines Abschnitts wiederherzustellen. Mit gro\u00dfer Motivation gelang es der Gruppe, ein etwa 600 Meter langes St\u00fcck zu bearbeiten. Die anhaltende Problematik des Eschentriebsterbens wird uns weiterhin&#8230;<\/p>\n<p class=\"continue-reading-button\"> <a class=\"continue-reading-link\" href=\"https:\/\/www.fischwaid-muenchen.de\/?p=3658\">weiter<i class=\"crycon-right-dir\"><\/i><\/a><\/p>\n","protected":false},"author":8,"featured_media":0,"comment_status":"closed","ping_status":"closed","sticky":false,"template":"","format":"standard","meta":{"footnotes":""},"categories":[7],"tags":[],"wf_post_folders":[],"class_list":["post-3658","post","type-post","status-publish","format-standard","hentry","category-aktuelles"],"yoast_head":"<!-- This site is optimized with the Yoast SEO plugin v27.4 - https:\/\/yoast.com\/product\/yoast-seo-wordpress\/ -->\n<title>Arbeitsdienst Nasenbach am 11.11.2023 - Fischereiverein Fischwaid M\u00fcnchen e.V.<\/title>\n<meta name=\"robots\" content=\"index, follow, max-snippet:-1, max-image-preview:large, max-video-preview:-1\" \/>\n<link rel=\"canonical\" href=\"https:\/\/www.fischwaid-muenchen.de\/?p=3658\" \/>\n<meta property=\"og:locale\" content=\"de_DE\" \/>\n<meta property=\"og:type\" content=\"article\" \/>\n<meta property=\"og:title\" content=\"Arbeitsdienst Nasenbach am 11.11.2023 - Fischereiverein Fischwaid M\u00fcnchen e.V.\" \/>\n<meta property=\"og:description\" content=\"Am Samstag, den 11. November 2023, trafen sich bei herbstlichem Wetter vier Mitglieder in Begleitung des Gew\u00e4sserbetreuers Martin Sellmaier am Nasenbach, um die Begehbarkeit eines Abschnitts wiederherzustellen. Mit gro\u00dfer Motivation gelang es der Gruppe, ein etwa 600 Meter langes St\u00fcck zu bearbeiten. Die anhaltende Problematik des Eschentriebsterbens wird uns weiterhin... weiter\" \/>\n<meta property=\"og:url\" content=\"https:\/\/www.fischwaid-muenchen.de\/?p=3658\" \/>\n<meta property=\"og:site_name\" content=\"Fischereiverein Fischwaid M\u00fcnchen e.V.\" \/>\n<meta property=\"article:publisher\" content=\"https:\/\/www.facebook.com\/Fischereiverein-Fischwaid-Mnchen-eV-175669222446351\" \/>\n<meta property=\"article:published_time\" content=\"2023-12-05T18:49:01+00:00\" \/>\n<meta property=\"article:modified_time\" content=\"2023-12-05T18:49:06+00:00\" \/>\n<meta property=\"og:image\" content=\"https:\/\/www.fischwaid-muenchen.de\/wp-content\/uploads\/2023\/12\/2023_11_Nasenbach-2.jpg\" \/>\n<meta name=\"author\" content=\"Patryk Klewek\" \/>\n<meta name=\"twitter:card\" content=\"summary_large_image\" \/>\n<script type=\"application\/ld+json\" class=\"yoast-schema-graph\">{\"@context\":\"https:\\\/\\\/schema.org\",\"@graph\":[{\"@type\":\"Article\",\"@id\":\"https:\\\/\\\/www.fischwaid-muenchen.de\\\/?p=3658#article\",\"isPartOf\":{\"@id\":\"https:\\\/\\\/www.fischwaid-muenchen.de\\\/?p=3658\"},\"author\":{\"name\":\"Patryk Klewek\",\"@id\":\"https:\\\/\\\/www.fischwaid-muenchen.de\\\/#\\\/schema\\\/person\\\/089075524855d259a1ebaacfbda54b33\"},\"headline\":\"Arbeitsdienst Nasenbach am 11.11.2023\",\"datePublished\":\"2023-12-05T18:49:01+00:00\",\"dateModified\":\"2023-12-05T18:49:06+00:00\",\"mainEntityOfPage\":{\"@id\":\"https:\\\/\\\/www.fischwaid-muenchen.de\\\/?p=3658\"},\"wordCount\":76,\"publisher\":{\"@id\":\"https:\\\/\\\/www.fischwaid-muenchen.de\\\/#organization\"},\"image\":{\"@id\":\"https:\\\/\\\/www.fischwaid-muenchen.de\\\/?p=3658#primaryimage\"},\"thumbnailUrl\":\"https:\\\/\\\/www.fischwaid-muenchen.de\\\/wp-content\\\/uploads\\\/2023\\\/12\\\/2023_11_Nasenbach-2.jpg\",\"articleSection\":[\"Aktuelles\"],\"inLanguage\":\"de\"},{\"@type\":\"WebPage\",\"@id\":\"https:\\\/\\\/www.fischwaid-muenchen.de\\\/?p=3658\",\"url\":\"https:\\\/\\\/www.fischwaid-muenchen.de\\\/?p=3658\",\"name\":\"Arbeitsdienst Nasenbach am 11.11.2023 - Fischereiverein Fischwaid M\u00fcnchen e.V.\",\"isPartOf\":{\"@id\":\"https:\\\/\\\/www.fischwaid-muenchen.de\\\/#website\"},\"primaryImageOfPage\":{\"@id\":\"https:\\\/\\\/www.fischwaid-muenchen.de\\\/?p=3658#primaryimage\"},\"image\":{\"@id\":\"https:\\\/\\\/www.fischwaid-muenchen.de\\\/?p=3658#primaryimage\"},\"thumbnailUrl\":\"https:\\\/\\\/www.fischwaid-muenchen.de\\\/wp-content\\\/uploads\\\/2023\\\/12\\\/2023_11_Nasenbach-2.jpg\",\"datePublished\":\"2023-12-05T18:49:01+00:00\",\"dateModified\":\"2023-12-05T18:49:06+00:00\",\"breadcrumb\":{\"@id\":\"https:\\\/\\\/www.fischwaid-muenchen.de\\\/?p=3658#breadcrumb\"},\"inLanguage\":\"de\",\"potentialAction\":[{\"@type\":\"ReadAction\",\"target\":[\"https:\\\/\\\/www.fischwaid-muenchen.de\\\/?p=3658\"]}]},{\"@type\":\"ImageObject\",\"inLanguage\":\"de\",\"@id\":\"https:\\\/\\\/www.fischwaid-muenchen.de\\\/?p=3658#primaryimage\",\"url\":\"https:\\\/\\\/www.fischwaid-muenchen.de\\\/wp-content\\\/uploads\\\/2023\\\/12\\\/2023_11_Nasenbach-2.jpg\",\"contentUrl\":\"https:\\\/\\\/www.fischwaid-muenchen.de\\\/wp-content\\\/uploads\\\/2023\\\/12\\\/2023_11_Nasenbach-2.jpg\",\"width\":1600,\"height\":1200},{\"@type\":\"BreadcrumbList\",\"@id\":\"https:\\\/\\\/www.fischwaid-muenchen.de\\\/?p=3658#breadcrumb\",\"itemListElement\":[{\"@type\":\"ListItem\",\"position\":1,\"name\":\"Startseite\",\"item\":\"https:\\\/\\\/www.fischwaid-muenchen.de\\\/\"},{\"@type\":\"ListItem\",\"position\":2,\"name\":\"Arbeitsdienst Nasenbach am 11.11.2023\"}]},{\"@type\":\"WebSite\",\"@id\":\"https:\\\/\\\/www.fischwaid-muenchen.de\\\/#website\",\"url\":\"https:\\\/\\\/www.fischwaid-muenchen.de\\\/\",\"name\":\"Fischereiverein Fischwaid M\u00fcnchen e.V.\",\"description\":\"\",\"publisher\":{\"@id\":\"https:\\\/\\\/www.fischwaid-muenchen.de\\\/#organization\"},\"potentialAction\":[{\"@type\":\"SearchAction\",\"target\":{\"@type\":\"EntryPoint\",\"urlTemplate\":\"https:\\\/\\\/www.fischwaid-muenchen.de\\\/?s={search_term_string}\"},\"query-input\":{\"@type\":\"PropertyValueSpecification\",\"valueRequired\":true,\"valueName\":\"search_term_string\"}}],\"inLanguage\":\"de\"},{\"@type\":\"Organization\",\"@id\":\"https:\\\/\\\/www.fischwaid-muenchen.de\\\/#organization\",\"name\":\"Fischwaid M\u00fcnchen e.V.\",\"url\":\"https:\\\/\\\/www.fischwaid-muenchen.de\\\/\",\"logo\":{\"@type\":\"ImageObject\",\"inLanguage\":\"de\",\"@id\":\"https:\\\/\\\/www.fischwaid-muenchen.de\\\/#\\\/schema\\\/logo\\\/image\\\/\",\"url\":\"https:\\\/\\\/www.fischwaid-muenchen.de\\\/wp-content\\\/uploads\\\/2021\\\/05\\\/fischwaid-logo.png\",\"contentUrl\":\"https:\\\/\\\/www.fischwaid-muenchen.de\\\/wp-content\\\/uploads\\\/2021\\\/05\\\/fischwaid-logo.png\",\"width\":1000,\"height\":1195,\"caption\":\"Fischwaid M\u00fcnchen e.V.\"},\"image\":{\"@id\":\"https:\\\/\\\/www.fischwaid-muenchen.de\\\/#\\\/schema\\\/logo\\\/image\\\/\"},\"sameAs\":[\"https:\\\/\\\/www.facebook.com\\\/Fischereiverein-Fischwaid-Mnchen-eV-175669222446351\",\"https:\\\/\\\/www.instagram.com\\\/fischwaid_muenchen_ev\\\/?igshid=YmMyMTA2M2Y=\"]},{\"@type\":\"Person\",\"@id\":\"https:\\\/\\\/www.fischwaid-muenchen.de\\\/#\\\/schema\\\/person\\\/089075524855d259a1ebaacfbda54b33\",\"name\":\"Patryk Klewek\",\"image\":{\"@type\":\"ImageObject\",\"inLanguage\":\"de\",\"@id\":\"https:\\\/\\\/secure.gravatar.com\\\/avatar\\\/69ad9eea9775a1bbc841b35fa0689df43b3b491a3e39608d351895b9373710e9?s=96&d=mm&r=g\",\"url\":\"https:\\\/\\\/secure.gravatar.com\\\/avatar\\\/69ad9eea9775a1bbc841b35fa0689df43b3b491a3e39608d351895b9373710e9?s=96&d=mm&r=g\",\"contentUrl\":\"https:\\\/\\\/secure.gravatar.com\\\/avatar\\\/69ad9eea9775a1bbc841b35fa0689df43b3b491a3e39608d351895b9373710e9?s=96&d=mm&r=g\",\"caption\":\"Patryk Klewek\"},\"url\":\"https:\\\/\\\/www.fischwaid-muenchen.de\\\/?author=8\"}]}<\/script>\n<!-- \/ Yoast SEO plugin. -->","yoast_head_json":{"title":"Arbeitsdienst Nasenbach am 11.11.2023 - Fischereiverein Fischwaid M\u00fcnchen e.V.","robots":{"index":"index","follow":"follow","max-snippet":"max-snippet:-1","max-image-preview":"max-image-preview:large","max-video-preview":"max-video-preview:-1"},"canonical":"https:\/\/www.fischwaid-muenchen.de\/?p=3658","og_locale":"de_DE","og_type":"article","og_title":"Arbeitsdienst Nasenbach am 11.11.2023 - Fischereiverein Fischwaid M\u00fcnchen e.V.","og_description":"Am Samstag, den 11. November 2023, trafen sich bei herbstlichem Wetter vier Mitglieder in Begleitung des Gew\u00e4sserbetreuers Martin Sellmaier am Nasenbach, um die Begehbarkeit eines Abschnitts wiederherzustellen. Mit gro\u00dfer Motivation gelang es der Gruppe, ein etwa 600 Meter langes St\u00fcck zu bearbeiten. Die anhaltende Problematik des Eschentriebsterbens wird uns weiterhin... weiter","og_url":"https:\/\/www.fischwaid-muenchen.de\/?p=3658","og_site_name":"Fischereiverein Fischwaid M\u00fcnchen e.V.","article_publisher":"https:\/\/www.facebook.com\/Fischereiverein-Fischwaid-Mnchen-eV-175669222446351","article_published_time":"2023-12-05T18:49:01+00:00","article_modified_time":"2023-12-05T18:49:06+00:00","og_image":[{"url":"https:\/\/www.fischwaid-muenchen.de\/wp-content\/uploads\/2023\/12\/2023_11_Nasenbach-2.jpg","type":"","width":"","height":""}],"author":"Patryk Klewek","twitter_card":"summary_large_image","schema":{"@context":"https:\/\/schema.org","@graph":[{"@type":"Article","@id":"https:\/\/www.fischwaid-muenchen.de\/?p=3658#article","isPartOf":{"@id":"https:\/\/www.fischwaid-muenchen.de\/?p=3658"},"author":{"name":"Patryk Klewek","@id":"https:\/\/www.fischwaid-muenchen.de\/#\/schema\/person\/089075524855d259a1ebaacfbda54b33"},"headline":"Arbeitsdienst Nasenbach am 11.11.2023","datePublished":"2023-12-05T18:49:01+00:00","dateModified":"2023-12-05T18:49:06+00:00","mainEntityOfPage":{"@id":"https:\/\/www.fischwaid-muenchen.de\/?p=3658"},"wordCount":76,"publisher":{"@id":"https:\/\/www.fischwaid-muenchen.de\/#organization"},"image":{"@id":"https:\/\/www.fischwaid-muenchen.de\/?p=3658#primaryimage"},"thumbnailUrl":"https:\/\/www.fischwaid-muenchen.de\/wp-content\/uploads\/2023\/12\/2023_11_Nasenbach-2.jpg","articleSection":["Aktuelles"],"inLanguage":"de"},{"@type":"WebPage","@id":"https:\/\/www.fischwaid-muenchen.de\/?p=3658","url":"https:\/\/www.fischwaid-muenchen.de\/?p=3658","name":"Arbeitsdienst Nasenbach am 11.11.2023 - Fischereiverein Fischwaid M\u00fcnchen e.V.","isPartOf":{"@id":"https:\/\/www.fischwaid-muenchen.de\/#website"},"primaryImageOfPage":{"@id":"https:\/\/www.fischwaid-muenchen.de\/?p=3658#primaryimage"},"image":{"@id":"https:\/\/www.fischwaid-muenchen.de\/?p=3658#primaryimage"},"thumbnailUrl":"https:\/\/www.fischwaid-muenchen.de\/wp-content\/uploads\/2023\/12\/2023_11_Nasenbach-2.jpg","datePublished":"2023-12-05T18:49:01+00:00","dateModified":"2023-12-05T18:49:06+00:00","breadcrumb":{"@id":"https:\/\/www.fischwaid-muenchen.de\/?p=3658#breadcrumb"},"inLanguage":"de","potentialAction":[{"@type":"ReadAction","target":["https:\/\/www.fischwaid-muenchen.de\/?p=3658"]}]},{"@type":"ImageObject","inLanguage":"de","@id":"https:\/\/www.fischwaid-muenchen.de\/?p=3658#primaryimage","url":"https:\/\/www.fischwaid-muenchen.de\/wp-content\/uploads\/2023\/12\/2023_11_Nasenbach-2.jpg","contentUrl":"https:\/\/www.fischwaid-muenchen.de\/wp-content\/uploads\/2023\/12\/2023_11_Nasenbach-2.jpg","width":1600,"height":1200},{"@type":"BreadcrumbList","@id":"https:\/\/www.fischwaid-muenchen.de\/?p=3658#breadcrumb","itemListElement":[{"@type":"ListItem","position":1,"name":"Startseite","item":"https:\/\/www.fischwaid-muenchen.de\/"},{"@type":"ListItem","position":2,"name":"Arbeitsdienst Nasenbach am 11.11.2023"}]},{"@type":"WebSite","@id":"https:\/\/www.fischwaid-muenchen.de\/#website","url":"https:\/\/www.fischwaid-muenchen.de\/","name":"Fischereiverein Fischwaid M\u00fcnchen e.V.","description":"","publisher":{"@id":"https:\/\/www.fischwaid-muenchen.de\/#organization"},"potentialAction":[{"@type":"SearchAction","target":{"@type":"EntryPoint","urlTemplate":"https:\/\/www.fischwaid-muenchen.de\/?s={search_term_string}"},"query-input":{"@type":"PropertyValueSpecification","valueRequired":true,"valueName":"search_term_string"}}],"inLanguage":"de"},{"@type":"Organization","@id":"https:\/\/www.fischwaid-muenchen.de\/#organization","name":"Fischwaid M\u00fcnchen e.V.","url":"https:\/\/www.fischwaid-muenchen.de\/","logo":{"@type":"ImageObject","inLanguage":"de","@id":"https:\/\/www.fischwaid-muenchen.de\/#\/schema\/logo\/image\/","url":"https:\/\/www.fischwaid-muenchen.de\/wp-content\/uploads\/2021\/05\/fischwaid-logo.png","contentUrl":"https:\/\/www.fischwaid-muenchen.de\/wp-content\/uploads\/2021\/05\/fischwaid-logo.png","width":1000,"height":1195,"caption":"Fischwaid M\u00fcnchen e.V."},"image":{"@id":"https:\/\/www.fischwaid-muenchen.de\/#\/schema\/logo\/image\/"},"sameAs":["https:\/\/www.facebook.com\/Fischereiverein-Fischwaid-Mnchen-eV-175669222446351","https:\/\/www.instagram.com\/fischwaid_muenchen_ev\/?igshid=YmMyMTA2M2Y="]},{"@type":"Person","@id":"https:\/\/www.fischwaid-muenchen.de\/#\/schema\/person\/089075524855d259a1ebaacfbda54b33","name":"Patryk Klewek","image":{"@type":"ImageObject","inLanguage":"de","@id":"https:\/\/secure.gravatar.com\/avatar\/69ad9eea9775a1bbc841b35fa0689df43b3b491a3e39608d351895b9373710e9?s=96&d=mm&r=g","url":"https:\/\/secure.gravatar.com\/avatar\/69ad9eea9775a1bbc841b35fa0689df43b3b491a3e39608d351895b9373710e9?s=96&d=mm&r=g","contentUrl":"https:\/\/secure.gravatar.com\/avatar\/69ad9eea9775a1bbc841b35fa0689df43b3b491a3e39608d351895b9373710e9?s=96&d=mm&r=g","caption":"Patryk Klewek"},"url":"https:\/\/www.fischwaid-muenchen.de\/?author=8"}]}},"_links":{"self":[{"href":"https:\/\/www.fischwaid-muenchen.de\/index.php?rest_route=\/wp\/v2\/posts\/3658","targetHints":{"allow":["GET"]}}],"collection":[{"href":"https:\/\/www.fischwaid-muenchen.de\/index.php?rest_route=\/wp\/v2\/posts"}],"about":[{"href":"https:\/\/www.fischwaid-muenchen.de\/index.php?rest_route=\/wp\/v2\/types\/post"}],"author":[{"embeddable":true,"href":"https:\/\/www.fischwaid-muenchen.de\/index.php?rest_route=\/wp\/v2\/users\/8"}],"replies":[{"embeddable":true,"href":"https:\/\/www.fischwaid-muenchen.de\/index.php?rest_route=%2Fwp%2Fv2%2Fcomments&post=3658"}],"version-history":[{"count":0,"href":"https:\/\/www.fischwaid-muenchen.de\/index.php?rest_route=\/wp\/v2\/posts\/3658\/revisions"}],"wp:attachment":[{"href":"https:\/\/www.fischwaid-muenchen.de\/index.php?rest_route=%2Fwp%2Fv2%2Fmedia&parent=3658"}],"wp:term":[{"taxonomy":"category","embeddable":true,"href":"https:\/\/www.fischwaid-muenchen.de\/index.php?rest_route=%2Fwp%2Fv2%2Fcategories&post=3658"},{"taxonomy":"post_tag","embeddable":true,"href":"https:\/\/www.fischwaid-muenchen.de\/index.php?rest_route=%2Fwp%2Fv2%2Ftags&post=3658"},{"taxonomy":"wf_post_folders","embeddable":true,"href":"https:\/\/www.fischwaid-muenchen.de\/index.php?rest_route=%2Fwp%2Fv2%2Fwf_post_folders&post=3658"}],"curies":[{"name":"wp","href":"https:\/\/api.w.org\/{rel}","templated":true}]}}