{"id":3015,"date":"2023-03-04T19:56:49","date_gmt":"2023-03-04T17:56:49","guid":{"rendered":"https:\/\/www.fischwaid-muenchen.de\/?p=3015"},"modified":"2023-03-04T19:56:49","modified_gmt":"2023-03-04T17:56:49","slug":"schredderarbeiten-am-waldsee-2023","status":"publish","type":"post","link":"https:\/\/www.fischwaid-muenchen.de\/?p=3015","title":{"rendered":"Schredderarbeiten am Waldsee 2023"},"content":{"rendered":"<div id=\"pl-3015\"  class=\"panel-layout\" ><div id=\"pg-3015-0\"  class=\"panel-grid panel-no-style\" ><div id=\"pgc-3015-0-0\"  class=\"panel-grid-cell\" ><div id=\"panel-3015-0-0-0\" class=\"so-panel widget widget_sow-editor panel-first-child panel-last-child\" data-index=\"0\" ><div class=\"panel-widget-style panel-widget-style-for-3015-0-0-0\" ><div\n\t\t\t\n\t\t\tclass=\"so-widget-sow-editor so-widget-sow-editor-base\"\n\t\t\t\n\t\t>\n<div class=\"siteorigin-widget-tinymce textwidget\">\n\t<p><span style=\"font-family: arial, helvetica, sans-serif;\">Bei den vergangenen Baumf\u00e4ll-Aktionen ist einiges an Ge\u00e4st liegen geblieben. Dieses Ge\u00e4st wurde nun von einer kleinen Truppe rund um unseren Waldsee-Gew\u00e4sserbetreuer, Bj\u00f6rn Fritsch, zusammengetragen und geschreddert. <\/span><\/p>\n<p><img loading=\"lazy\" decoding=\"async\" class=\"aligncenter\" src=\"https:\/\/www.fischwaid-muenchen.de\/wp-content\/uploads\/2023\/03\/Waldsee-aufgeraeumt-1-scaled.jpg\" alt=\"\" width=\"1024\" height=\"768\" \/><\/p>\n<p><img loading=\"lazy\" decoding=\"async\" class=\"aligncenter\" src=\"https:\/\/www.fischwaid-muenchen.de\/wp-content\/uploads\/2023\/03\/Waldsee-aufgeraeumt-3-scaled.jpg\" alt=\"\" width=\"1024\" height=\"768\" \/><\/p>\n<p><img loading=\"lazy\" decoding=\"async\" class=\"aligncenter\" src=\"https:\/\/www.fischwaid-muenchen.de\/wp-content\/uploads\/2023\/03\/Waldsee-aufgeraeumt-2.jpg\" alt=\"\" width=\"1024\" height=\"768\" \/><\/p>\n<p><span style=\"font-family: arial, helvetica, sans-serif;\">Das Schreddergut konnte dazu verwendet werden, um die beim Entfernen der Wurzelst\u00f6cke entstandenen L\u00f6cher aufzuf\u00fcllen. Der beim letzten Arbeitseinsatz entfernte Zaun wurde zum Schluss noch auf den H\u00e4nger geladen und von Bj\u00f6rn Fritsch zum Wertstoffhof gefahren.<\/span><\/p>\n<p><img loading=\"lazy\" decoding=\"async\" class=\"aligncenter\" src=\"https:\/\/www.fischwaid-muenchen.de\/wp-content\/uploads\/2023\/03\/Waldsee-aufgeraeumt-4.jpg\" alt=\"\" width=\"1024\" height=\"576\" \/><\/p>\n<\/div>\n<\/div><\/div><\/div><\/div><\/div><\/div>","protected":false},"excerpt":{"rendered":"<p>Bei den vergangenen Baumf\u00e4ll-Aktionen ist einiges an Ge\u00e4st liegen geblieben. Dieses Ge\u00e4st wurde nun von einer kleinen Truppe rund um unseren Waldsee-Gew\u00e4sserbetreuer, Bj\u00f6rn Fritsch, zusammengetragen und geschreddert. Das Schreddergut konnte dazu verwendet werden, um die beim Entfernen der Wurzelst\u00f6cke entstandenen L\u00f6cher aufzuf\u00fcllen. Der beim letzten Arbeitseinsatz entfernte Zaun wurde zum&#8230;<\/p>\n<p class=\"continue-reading-button\"> <a class=\"continue-reading-link\" href=\"https:\/\/www.fischwaid-muenchen.de\/?p=3015\">weiter<i class=\"crycon-right-dir\"><\/i><\/a><\/p>\n","protected":false},"author":7,"featured_media":0,"comment_status":"closed","ping_status":"closed","sticky":false,"template":"","format":"standard","meta":{"footnotes":""},"categories":[7],"tags":[],"wf_post_folders":[],"class_list":["post-3015","post","type-post","status-publish","format-standard","hentry","category-aktuelles"],"yoast_head":"<!-- This site is optimized with the Yoast SEO plugin v27.4 - https:\/\/yoast.com\/product\/yoast-seo-wordpress\/ -->\n<title>Schredderarbeiten am Waldsee 2023 - Fischereiverein Fischwaid M\u00fcnchen e.V.<\/title>\n<meta name=\"robots\" content=\"index, follow, max-snippet:-1, max-image-preview:large, max-video-preview:-1\" \/>\n<link rel=\"canonical\" href=\"https:\/\/www.fischwaid-muenchen.de\/?p=3015\" \/>\n<meta property=\"og:locale\" content=\"de_DE\" \/>\n<meta property=\"og:type\" content=\"article\" \/>\n<meta property=\"og:title\" content=\"Schredderarbeiten am Waldsee 2023 - Fischereiverein Fischwaid M\u00fcnchen e.V.\" \/>\n<meta property=\"og:description\" content=\"Bei den vergangenen Baumf\u00e4ll-Aktionen ist einiges an Ge\u00e4st liegen geblieben. Dieses Ge\u00e4st wurde nun von einer kleinen Truppe rund um unseren Waldsee-Gew\u00e4sserbetreuer, Bj\u00f6rn Fritsch, zusammengetragen und geschreddert. Das Schreddergut konnte dazu verwendet werden, um die beim Entfernen der Wurzelst\u00f6cke entstandenen L\u00f6cher aufzuf\u00fcllen. Der beim letzten Arbeitseinsatz entfernte Zaun wurde zum... weiter\" \/>\n<meta property=\"og:url\" content=\"https:\/\/www.fischwaid-muenchen.de\/?p=3015\" \/>\n<meta property=\"og:site_name\" content=\"Fischereiverein Fischwaid M\u00fcnchen e.V.\" \/>\n<meta property=\"article:publisher\" content=\"https:\/\/www.facebook.com\/Fischereiverein-Fischwaid-Mnchen-eV-175669222446351\" \/>\n<meta property=\"article:published_time\" content=\"2023-03-04T17:56:49+00:00\" \/>\n<meta property=\"og:image\" content=\"https:\/\/www.fischwaid-muenchen.de\/wp-content\/uploads\/2023\/03\/Waldsee-aufgeraeumt-1-scaled.jpg\" \/>\n<meta name=\"author\" content=\"Elke Pres\" \/>\n<meta name=\"twitter:card\" content=\"summary_large_image\" \/>\n<script type=\"application\/ld+json\" class=\"yoast-schema-graph\">{\"@context\":\"https:\\\/\\\/schema.org\",\"@graph\":[{\"@type\":\"Article\",\"@id\":\"https:\\\/\\\/www.fischwaid-muenchen.de\\\/?p=3015#article\",\"isPartOf\":{\"@id\":\"https:\\\/\\\/www.fischwaid-muenchen.de\\\/?p=3015\"},\"author\":{\"name\":\"Elke Pres\",\"@id\":\"https:\\\/\\\/www.fischwaid-muenchen.de\\\/#\\\/schema\\\/person\\\/2a47c715abf86bd3b33dfd2fe320fc5a\"},\"headline\":\"Schredderarbeiten am Waldsee 2023\",\"datePublished\":\"2023-03-04T17:56:49+00:00\",\"mainEntityOfPage\":{\"@id\":\"https:\\\/\\\/www.fischwaid-muenchen.de\\\/?p=3015\"},\"wordCount\":76,\"publisher\":{\"@id\":\"https:\\\/\\\/www.fischwaid-muenchen.de\\\/#organization\"},\"image\":{\"@id\":\"https:\\\/\\\/www.fischwaid-muenchen.de\\\/?p=3015#primaryimage\"},\"thumbnailUrl\":\"https:\\\/\\\/www.fischwaid-muenchen.de\\\/wp-content\\\/uploads\\\/2023\\\/03\\\/Waldsee-aufgeraeumt-1-scaled.jpg\",\"articleSection\":[\"Aktuelles\"],\"inLanguage\":\"de\"},{\"@type\":\"WebPage\",\"@id\":\"https:\\\/\\\/www.fischwaid-muenchen.de\\\/?p=3015\",\"url\":\"https:\\\/\\\/www.fischwaid-muenchen.de\\\/?p=3015\",\"name\":\"Schredderarbeiten am Waldsee 2023 - Fischereiverein Fischwaid M\u00fcnchen e.V.\",\"isPartOf\":{\"@id\":\"https:\\\/\\\/www.fischwaid-muenchen.de\\\/#website\"},\"primaryImageOfPage\":{\"@id\":\"https:\\\/\\\/www.fischwaid-muenchen.de\\\/?p=3015#primaryimage\"},\"image\":{\"@id\":\"https:\\\/\\\/www.fischwaid-muenchen.de\\\/?p=3015#primaryimage\"},\"thumbnailUrl\":\"https:\\\/\\\/www.fischwaid-muenchen.de\\\/wp-content\\\/uploads\\\/2023\\\/03\\\/Waldsee-aufgeraeumt-1-scaled.jpg\",\"datePublished\":\"2023-03-04T17:56:49+00:00\",\"breadcrumb\":{\"@id\":\"https:\\\/\\\/www.fischwaid-muenchen.de\\\/?p=3015#breadcrumb\"},\"inLanguage\":\"de\",\"potentialAction\":[{\"@type\":\"ReadAction\",\"target\":[\"https:\\\/\\\/www.fischwaid-muenchen.de\\\/?p=3015\"]}]},{\"@type\":\"ImageObject\",\"inLanguage\":\"de\",\"@id\":\"https:\\\/\\\/www.fischwaid-muenchen.de\\\/?p=3015#primaryimage\",\"url\":\"https:\\\/\\\/www.fischwaid-muenchen.de\\\/wp-content\\\/uploads\\\/2023\\\/03\\\/Waldsee-aufgeraeumt-1-scaled.jpg\",\"contentUrl\":\"https:\\\/\\\/www.fischwaid-muenchen.de\\\/wp-content\\\/uploads\\\/2023\\\/03\\\/Waldsee-aufgeraeumt-1-scaled.jpg\",\"width\":2560,\"height\":1920},{\"@type\":\"BreadcrumbList\",\"@id\":\"https:\\\/\\\/www.fischwaid-muenchen.de\\\/?p=3015#breadcrumb\",\"itemListElement\":[{\"@type\":\"ListItem\",\"position\":1,\"name\":\"Startseite\",\"item\":\"https:\\\/\\\/www.fischwaid-muenchen.de\\\/\"},{\"@type\":\"ListItem\",\"position\":2,\"name\":\"Schredderarbeiten am Waldsee 2023\"}]},{\"@type\":\"WebSite\",\"@id\":\"https:\\\/\\\/www.fischwaid-muenchen.de\\\/#website\",\"url\":\"https:\\\/\\\/www.fischwaid-muenchen.de\\\/\",\"name\":\"Fischereiverein Fischwaid M\u00fcnchen e.V.\",\"description\":\"\",\"publisher\":{\"@id\":\"https:\\\/\\\/www.fischwaid-muenchen.de\\\/#organization\"},\"potentialAction\":[{\"@type\":\"SearchAction\",\"target\":{\"@type\":\"EntryPoint\",\"urlTemplate\":\"https:\\\/\\\/www.fischwaid-muenchen.de\\\/?s={search_term_string}\"},\"query-input\":{\"@type\":\"PropertyValueSpecification\",\"valueRequired\":true,\"valueName\":\"search_term_string\"}}],\"inLanguage\":\"de\"},{\"@type\":\"Organization\",\"@id\":\"https:\\\/\\\/www.fischwaid-muenchen.de\\\/#organization\",\"name\":\"Fischwaid M\u00fcnchen e.V.\",\"url\":\"https:\\\/\\\/www.fischwaid-muenchen.de\\\/\",\"logo\":{\"@type\":\"ImageObject\",\"inLanguage\":\"de\",\"@id\":\"https:\\\/\\\/www.fischwaid-muenchen.de\\\/#\\\/schema\\\/logo\\\/image\\\/\",\"url\":\"https:\\\/\\\/www.fischwaid-muenchen.de\\\/wp-content\\\/uploads\\\/2021\\\/05\\\/fischwaid-logo.png\",\"contentUrl\":\"https:\\\/\\\/www.fischwaid-muenchen.de\\\/wp-content\\\/uploads\\\/2021\\\/05\\\/fischwaid-logo.png\",\"width\":1000,\"height\":1195,\"caption\":\"Fischwaid M\u00fcnchen e.V.\"},\"image\":{\"@id\":\"https:\\\/\\\/www.fischwaid-muenchen.de\\\/#\\\/schema\\\/logo\\\/image\\\/\"},\"sameAs\":[\"https:\\\/\\\/www.facebook.com\\\/Fischereiverein-Fischwaid-Mnchen-eV-175669222446351\",\"https:\\\/\\\/www.instagram.com\\\/fischwaid_muenchen_ev\\\/?igshid=YmMyMTA2M2Y=\"]},{\"@type\":\"Person\",\"@id\":\"https:\\\/\\\/www.fischwaid-muenchen.de\\\/#\\\/schema\\\/person\\\/2a47c715abf86bd3b33dfd2fe320fc5a\",\"name\":\"Elke Pres\",\"image\":{\"@type\":\"ImageObject\",\"inLanguage\":\"de\",\"@id\":\"https:\\\/\\\/secure.gravatar.com\\\/avatar\\\/c41855037711f9f51b8e0e45eee0da20c8b596ae8a048b8db66fcc8fffdafca4?s=96&d=mm&r=g\",\"url\":\"https:\\\/\\\/secure.gravatar.com\\\/avatar\\\/c41855037711f9f51b8e0e45eee0da20c8b596ae8a048b8db66fcc8fffdafca4?s=96&d=mm&r=g\",\"contentUrl\":\"https:\\\/\\\/secure.gravatar.com\\\/avatar\\\/c41855037711f9f51b8e0e45eee0da20c8b596ae8a048b8db66fcc8fffdafca4?s=96&d=mm&r=g\",\"caption\":\"Elke Pres\"},\"url\":\"https:\\\/\\\/www.fischwaid-muenchen.de\\\/?author=7\"}]}<\/script>\n<!-- \/ Yoast SEO plugin. -->","yoast_head_json":{"title":"Schredderarbeiten am Waldsee 2023 - Fischereiverein Fischwaid M\u00fcnchen e.V.","robots":{"index":"index","follow":"follow","max-snippet":"max-snippet:-1","max-image-preview":"max-image-preview:large","max-video-preview":"max-video-preview:-1"},"canonical":"https:\/\/www.fischwaid-muenchen.de\/?p=3015","og_locale":"de_DE","og_type":"article","og_title":"Schredderarbeiten am Waldsee 2023 - Fischereiverein Fischwaid M\u00fcnchen e.V.","og_description":"Bei den vergangenen Baumf\u00e4ll-Aktionen ist einiges an Ge\u00e4st liegen geblieben. Dieses Ge\u00e4st wurde nun von einer kleinen Truppe rund um unseren Waldsee-Gew\u00e4sserbetreuer, Bj\u00f6rn Fritsch, zusammengetragen und geschreddert. Das Schreddergut konnte dazu verwendet werden, um die beim Entfernen der Wurzelst\u00f6cke entstandenen L\u00f6cher aufzuf\u00fcllen. Der beim letzten Arbeitseinsatz entfernte Zaun wurde zum... weiter","og_url":"https:\/\/www.fischwaid-muenchen.de\/?p=3015","og_site_name":"Fischereiverein Fischwaid M\u00fcnchen e.V.","article_publisher":"https:\/\/www.facebook.com\/Fischereiverein-Fischwaid-Mnchen-eV-175669222446351","article_published_time":"2023-03-04T17:56:49+00:00","og_image":[{"url":"https:\/\/www.fischwaid-muenchen.de\/wp-content\/uploads\/2023\/03\/Waldsee-aufgeraeumt-1-scaled.jpg","type":"","width":"","height":""}],"author":"Elke Pres","twitter_card":"summary_large_image","schema":{"@context":"https:\/\/schema.org","@graph":[{"@type":"Article","@id":"https:\/\/www.fischwaid-muenchen.de\/?p=3015#article","isPartOf":{"@id":"https:\/\/www.fischwaid-muenchen.de\/?p=3015"},"author":{"name":"Elke Pres","@id":"https:\/\/www.fischwaid-muenchen.de\/#\/schema\/person\/2a47c715abf86bd3b33dfd2fe320fc5a"},"headline":"Schredderarbeiten am Waldsee 2023","datePublished":"2023-03-04T17:56:49+00:00","mainEntityOfPage":{"@id":"https:\/\/www.fischwaid-muenchen.de\/?p=3015"},"wordCount":76,"publisher":{"@id":"https:\/\/www.fischwaid-muenchen.de\/#organization"},"image":{"@id":"https:\/\/www.fischwaid-muenchen.de\/?p=3015#primaryimage"},"thumbnailUrl":"https:\/\/www.fischwaid-muenchen.de\/wp-content\/uploads\/2023\/03\/Waldsee-aufgeraeumt-1-scaled.jpg","articleSection":["Aktuelles"],"inLanguage":"de"},{"@type":"WebPage","@id":"https:\/\/www.fischwaid-muenchen.de\/?p=3015","url":"https:\/\/www.fischwaid-muenchen.de\/?p=3015","name":"Schredderarbeiten am Waldsee 2023 - Fischereiverein Fischwaid M\u00fcnchen e.V.","isPartOf":{"@id":"https:\/\/www.fischwaid-muenchen.de\/#website"},"primaryImageOfPage":{"@id":"https:\/\/www.fischwaid-muenchen.de\/?p=3015#primaryimage"},"image":{"@id":"https:\/\/www.fischwaid-muenchen.de\/?p=3015#primaryimage"},"thumbnailUrl":"https:\/\/www.fischwaid-muenchen.de\/wp-content\/uploads\/2023\/03\/Waldsee-aufgeraeumt-1-scaled.jpg","datePublished":"2023-03-04T17:56:49+00:00","breadcrumb":{"@id":"https:\/\/www.fischwaid-muenchen.de\/?p=3015#breadcrumb"},"inLanguage":"de","potentialAction":[{"@type":"ReadAction","target":["https:\/\/www.fischwaid-muenchen.de\/?p=3015"]}]},{"@type":"ImageObject","inLanguage":"de","@id":"https:\/\/www.fischwaid-muenchen.de\/?p=3015#primaryimage","url":"https:\/\/www.fischwaid-muenchen.de\/wp-content\/uploads\/2023\/03\/Waldsee-aufgeraeumt-1-scaled.jpg","contentUrl":"https:\/\/www.fischwaid-muenchen.de\/wp-content\/uploads\/2023\/03\/Waldsee-aufgeraeumt-1-scaled.jpg","width":2560,"height":1920},{"@type":"BreadcrumbList","@id":"https:\/\/www.fischwaid-muenchen.de\/?p=3015#breadcrumb","itemListElement":[{"@type":"ListItem","position":1,"name":"Startseite","item":"https:\/\/www.fischwaid-muenchen.de\/"},{"@type":"ListItem","position":2,"name":"Schredderarbeiten am Waldsee 2023"}]},{"@type":"WebSite","@id":"https:\/\/www.fischwaid-muenchen.de\/#website","url":"https:\/\/www.fischwaid-muenchen.de\/","name":"Fischereiverein Fischwaid M\u00fcnchen e.V.","description":"","publisher":{"@id":"https:\/\/www.fischwaid-muenchen.de\/#organization"},"potentialAction":[{"@type":"SearchAction","target":{"@type":"EntryPoint","urlTemplate":"https:\/\/www.fischwaid-muenchen.de\/?s={search_term_string}"},"query-input":{"@type":"PropertyValueSpecification","valueRequired":true,"valueName":"search_term_string"}}],"inLanguage":"de"},{"@type":"Organization","@id":"https:\/\/www.fischwaid-muenchen.de\/#organization","name":"Fischwaid M\u00fcnchen e.V.","url":"https:\/\/www.fischwaid-muenchen.de\/","logo":{"@type":"ImageObject","inLanguage":"de","@id":"https:\/\/www.fischwaid-muenchen.de\/#\/schema\/logo\/image\/","url":"https:\/\/www.fischwaid-muenchen.de\/wp-content\/uploads\/2021\/05\/fischwaid-logo.png","contentUrl":"https:\/\/www.fischwaid-muenchen.de\/wp-content\/uploads\/2021\/05\/fischwaid-logo.png","width":1000,"height":1195,"caption":"Fischwaid M\u00fcnchen e.V."},"image":{"@id":"https:\/\/www.fischwaid-muenchen.de\/#\/schema\/logo\/image\/"},"sameAs":["https:\/\/www.facebook.com\/Fischereiverein-Fischwaid-Mnchen-eV-175669222446351","https:\/\/www.instagram.com\/fischwaid_muenchen_ev\/?igshid=YmMyMTA2M2Y="]},{"@type":"Person","@id":"https:\/\/www.fischwaid-muenchen.de\/#\/schema\/person\/2a47c715abf86bd3b33dfd2fe320fc5a","name":"Elke Pres","image":{"@type":"ImageObject","inLanguage":"de","@id":"https:\/\/secure.gravatar.com\/avatar\/c41855037711f9f51b8e0e45eee0da20c8b596ae8a048b8db66fcc8fffdafca4?s=96&d=mm&r=g","url":"https:\/\/secure.gravatar.com\/avatar\/c41855037711f9f51b8e0e45eee0da20c8b596ae8a048b8db66fcc8fffdafca4?s=96&d=mm&r=g","contentUrl":"https:\/\/secure.gravatar.com\/avatar\/c41855037711f9f51b8e0e45eee0da20c8b596ae8a048b8db66fcc8fffdafca4?s=96&d=mm&r=g","caption":"Elke Pres"},"url":"https:\/\/www.fischwaid-muenchen.de\/?author=7"}]}},"_links":{"self":[{"href":"https:\/\/www.fischwaid-muenchen.de\/index.php?rest_route=\/wp\/v2\/posts\/3015","targetHints":{"allow":["GET"]}}],"collection":[{"href":"https:\/\/www.fischwaid-muenchen.de\/index.php?rest_route=\/wp\/v2\/posts"}],"about":[{"href":"https:\/\/www.fischwaid-muenchen.de\/index.php?rest_route=\/wp\/v2\/types\/post"}],"author":[{"embeddable":true,"href":"https:\/\/www.fischwaid-muenchen.de\/index.php?rest_route=\/wp\/v2\/users\/7"}],"replies":[{"embeddable":true,"href":"https:\/\/www.fischwaid-muenchen.de\/index.php?rest_route=%2Fwp%2Fv2%2Fcomments&post=3015"}],"version-history":[{"count":0,"href":"https:\/\/www.fischwaid-muenchen.de\/index.php?rest_route=\/wp\/v2\/posts\/3015\/revisions"}],"wp:attachment":[{"href":"https:\/\/www.fischwaid-muenchen.de\/index.php?rest_route=%2Fwp%2Fv2%2Fmedia&parent=3015"}],"wp:term":[{"taxonomy":"category","embeddable":true,"href":"https:\/\/www.fischwaid-muenchen.de\/index.php?rest_route=%2Fwp%2Fv2%2Fcategories&post=3015"},{"taxonomy":"post_tag","embeddable":true,"href":"https:\/\/www.fischwaid-muenchen.de\/index.php?rest_route=%2Fwp%2Fv2%2Ftags&post=3015"},{"taxonomy":"wf_post_folders","embeddable":true,"href":"https:\/\/www.fischwaid-muenchen.de\/index.php?rest_route=%2Fwp%2Fv2%2Fwf_post_folders&post=3015"}],"curies":[{"name":"wp","href":"https:\/\/api.w.org\/{rel}","templated":true}]}}