{"id":2893,"date":"2023-02-24T21:57:13","date_gmt":"2023-02-24T19:57:13","guid":{"rendered":"https:\/\/www.fischwaid-muenchen.de\/?p=2893"},"modified":"2023-02-24T21:57:14","modified_gmt":"2023-02-24T19:57:14","slug":"projekt-waldsee-baum-faellt","status":"publish","type":"post","link":"https:\/\/www.fischwaid-muenchen.de\/?p=2893","title":{"rendered":"Projekt Waldsee &#8211; Baum f\u00e4llt!"},"content":{"rendered":"<div id=\"pl-2893\"  class=\"panel-layout\" ><div id=\"pg-2893-0\"  class=\"panel-grid panel-no-style\" ><div id=\"pgc-2893-0-0\"  class=\"panel-grid-cell\" ><div id=\"panel-2893-0-0-0\" class=\"so-panel widget widget_sow-editor panel-first-child panel-last-child\" data-index=\"0\" ><div class=\"panel-widget-style panel-widget-style-for-2893-0-0-0\" ><div\n\t\t\t\n\t\t\tclass=\"so-widget-sow-editor so-widget-sow-editor-base\"\n\t\t\t\n\t\t>\n<div class=\"siteorigin-widget-tinymce textwidget\">\n\t<p><span style=\"font-family: arial, helvetica, sans-serif;\">Bez\u00fcglich des Waldsees haben wir nunmehr ein weiteres Etappenziel erreicht: Einige B\u00e4ume auf dem Waldsee-Gel\u00e4nde waren leider bereits abgestorben und stellten immer mehr eine Gefahr f\u00fcr die Angler dar. Immer wieder st\u00fcrzten B\u00e4ume um und blieben in den Kronen der umstehenden B\u00e4ume h\u00e4ngen. Viele der B\u00e4ume waren auch bereits durch den Biber angenagt. Daher haben wir diese B\u00e4ume nunmehr gef\u00e4llt.<\/span><\/p>\n<p><span style=\"font-family: arial, helvetica, sans-serif;\">Um dem Verein Kosten zu sparen, haben wir dieses Mal keine Fremdfirma beauftragt, sondern alles in Eigenregie durchgef\u00fchrt.<\/span><\/p>\n<p><span style=\"font-family: arial, helvetica, sans-serif;\"><img loading=\"lazy\" decoding=\"async\" class=\"aligncenter\" src=\"https:\/\/www.fischwaid-muenchen.de\/wp-content\/uploads\/2023\/02\/Baumfaellen-1.png\" alt=\"\" width=\"1024\" height=\"639\" \/><br \/>\n<\/span><span style=\"font-family: arial, helvetica, sans-serif;\"><img loading=\"lazy\" decoding=\"async\" class=\"aligncenter\" src=\"https:\/\/www.fischwaid-muenchen.de\/wp-content\/uploads\/2023\/02\/Baumfaellen-5-scaled.jpg\" alt=\"\" width=\"1024\" height=\"768\" \/><br \/>\n<img loading=\"lazy\" decoding=\"async\" class=\"aligncenter\" src=\"https:\/\/www.fischwaid-muenchen.de\/wp-content\/uploads\/2023\/02\/Baumfaellen-7-scaled.jpg\" alt=\"\" width=\"1024\" height=\"768\" \/><br \/>\n<img loading=\"lazy\" decoding=\"async\" class=\"aligncenter\" src=\"https:\/\/www.fischwaid-muenchen.de\/wp-content\/uploads\/2023\/02\/Baumfaellen-4-scaled.jpg\" alt=\"\" width=\"1024\" height=\"768\" \/><br \/>\n<\/span><\/p>\n<p><span style=\"font-family: arial, helvetica, sans-serif;\">Vieles vom geschlagenen Holz war bereits morsch. Das, was noch gut war, haben wir gleich weiterverarbeitet und f\u00fcr die Wegbefestigung benutzt.<\/span><\/p>\n<p><span style=\"font-family: arial, helvetica, sans-serif;\">Bei der Entfernung der zahlreichen alten Baumst\u00fcmpfe kamen wir jedoch ohne gro\u00dfes Ger\u00e4t nicht weiter, daher haben wir uns hierf\u00fcr Hilfe von einem Profi geholt. Dieser r\u00fcckte mit seinem Bagger an und zog die Baumst\u00fcmpfe samt Wurzelstock heraus.<br \/>\n<\/span><span style=\"font-family: arial, helvetica, sans-serif;\"><br \/>\n<img loading=\"lazy\" decoding=\"async\" class=\"aligncenter\" src=\"https:\/\/www.fischwaid-muenchen.de\/wp-content\/uploads\/2023\/02\/Baumfaellen-3-scaled.jpg\" alt=\"\" width=\"768\" height=\"1024\" \/><br \/>\n<\/span><\/p>\n<p><span style=\"font-family: arial, helvetica, sans-serif;\">Zudem haben wir auch einen Teil des bereits besch\u00e4digten Zauns samt Pfosten entfernt. Den Gro\u00dfteil des Zauns konnten wir jedoch retten und wieder instand setzen. Hier wird demn\u00e4chst eine neue Vogelschutzhecke gepflanzt, um unseren gefiederten Freunden einen Brut-\/Ruheplatz zu bieten.<\/span><\/p>\n<p><span style=\"font-family: arial, helvetica, sans-serif;\"><br \/>\n<img loading=\"lazy\" decoding=\"async\" class=\"aligncenter\" src=\"https:\/\/www.fischwaid-muenchen.de\/wp-content\/uploads\/2023\/02\/Baumfaellen-2-scaled.jpg\" alt=\"\" width=\"768\" height=\"1024\" \/><br \/>\n<img loading=\"lazy\" decoding=\"async\" class=\"aligncenter\" src=\"https:\/\/www.fischwaid-muenchen.de\/wp-content\/uploads\/2023\/02\/Baumfaellen-6-scaled.jpg\" alt=\"\" width=\"768\" height=\"1024\" \/><br \/>\n<\/span><\/p>\n<p><span style=\"font-family: arial, helvetica, sans-serif;\">Die Arbeiten zogen sich insgesamt \u00fcber drei Tage und wurden durch unseren 1. Vorstand, Patryk Pres, und unseren Waldsee-Gew\u00e4sserbetreuer, Bj\u00f6rn Fritsch, ausgef\u00fchrt.<\/span><\/p>\n<p><span style=\"font-family: arial, helvetica, sans-serif;\">\u00a0<\/span><\/p>\n<\/div>\n<\/div><\/div><\/div><\/div><\/div><\/div>","protected":false},"excerpt":{"rendered":"<p>Bez\u00fcglich des Waldsees haben wir nunmehr ein weiteres Etappenziel erreicht: Einige B\u00e4ume auf dem Waldsee-Gel\u00e4nde waren leider bereits abgestorben und stellten immer mehr eine Gefahr f\u00fcr die Angler dar. Immer wieder st\u00fcrzten B\u00e4ume um und blieben in den Kronen der umstehenden B\u00e4ume h\u00e4ngen. Viele der B\u00e4ume waren auch bereits durch&#8230;<\/p>\n<p class=\"continue-reading-button\"> <a class=\"continue-reading-link\" href=\"https:\/\/www.fischwaid-muenchen.de\/?p=2893\">weiter<i class=\"crycon-right-dir\"><\/i><\/a><\/p>\n","protected":false},"author":7,"featured_media":0,"comment_status":"closed","ping_status":"closed","sticky":false,"template":"","format":"standard","meta":{"footnotes":""},"categories":[7],"tags":[],"wf_post_folders":[],"class_list":["post-2893","post","type-post","status-publish","format-standard","hentry","category-aktuelles"],"yoast_head":"<!-- This site is optimized with the Yoast SEO plugin v27.4 - https:\/\/yoast.com\/product\/yoast-seo-wordpress\/ -->\n<title>Projekt Waldsee - Baum f\u00e4llt! - Fischereiverein Fischwaid M\u00fcnchen e.V.<\/title>\n<meta name=\"robots\" content=\"index, follow, max-snippet:-1, max-image-preview:large, max-video-preview:-1\" \/>\n<link rel=\"canonical\" href=\"https:\/\/www.fischwaid-muenchen.de\/?p=2893\" \/>\n<meta property=\"og:locale\" content=\"de_DE\" \/>\n<meta property=\"og:type\" content=\"article\" \/>\n<meta property=\"og:title\" content=\"Projekt Waldsee - Baum f\u00e4llt! - Fischereiverein Fischwaid M\u00fcnchen e.V.\" \/>\n<meta property=\"og:description\" content=\"Bez\u00fcglich des Waldsees haben wir nunmehr ein weiteres Etappenziel erreicht: Einige B\u00e4ume auf dem Waldsee-Gel\u00e4nde waren leider bereits abgestorben und stellten immer mehr eine Gefahr f\u00fcr die Angler dar. Immer wieder st\u00fcrzten B\u00e4ume um und blieben in den Kronen der umstehenden B\u00e4ume h\u00e4ngen. Viele der B\u00e4ume waren auch bereits durch... weiter\" \/>\n<meta property=\"og:url\" content=\"https:\/\/www.fischwaid-muenchen.de\/?p=2893\" \/>\n<meta property=\"og:site_name\" content=\"Fischereiverein Fischwaid M\u00fcnchen e.V.\" \/>\n<meta property=\"article:publisher\" content=\"https:\/\/www.facebook.com\/Fischereiverein-Fischwaid-Mnchen-eV-175669222446351\" \/>\n<meta property=\"article:published_time\" content=\"2023-02-24T19:57:13+00:00\" \/>\n<meta property=\"article:modified_time\" content=\"2023-02-24T19:57:14+00:00\" \/>\n<meta property=\"og:image\" content=\"https:\/\/www.fischwaid-muenchen.de\/wp-content\/uploads\/2023\/02\/Baumfaellen-1.png\" \/>\n<meta name=\"author\" content=\"Elke Pres\" \/>\n<meta name=\"twitter:card\" content=\"summary_large_image\" \/>\n<script type=\"application\/ld+json\" class=\"yoast-schema-graph\">{\"@context\":\"https:\\\/\\\/schema.org\",\"@graph\":[{\"@type\":\"Article\",\"@id\":\"https:\\\/\\\/www.fischwaid-muenchen.de\\\/?p=2893#article\",\"isPartOf\":{\"@id\":\"https:\\\/\\\/www.fischwaid-muenchen.de\\\/?p=2893\"},\"author\":{\"name\":\"Elke Pres\",\"@id\":\"https:\\\/\\\/www.fischwaid-muenchen.de\\\/#\\\/schema\\\/person\\\/2a47c715abf86bd3b33dfd2fe320fc5a\"},\"headline\":\"Projekt Waldsee &#8211; Baum f\u00e4llt!\",\"datePublished\":\"2023-02-24T19:57:13+00:00\",\"dateModified\":\"2023-02-24T19:57:14+00:00\",\"mainEntityOfPage\":{\"@id\":\"https:\\\/\\\/www.fischwaid-muenchen.de\\\/?p=2893\"},\"wordCount\":230,\"publisher\":{\"@id\":\"https:\\\/\\\/www.fischwaid-muenchen.de\\\/#organization\"},\"image\":{\"@id\":\"https:\\\/\\\/www.fischwaid-muenchen.de\\\/?p=2893#primaryimage\"},\"thumbnailUrl\":\"https:\\\/\\\/www.fischwaid-muenchen.de\\\/wp-content\\\/uploads\\\/2023\\\/02\\\/Baumfaellen-1.png\",\"articleSection\":[\"Aktuelles\"],\"inLanguage\":\"de\"},{\"@type\":\"WebPage\",\"@id\":\"https:\\\/\\\/www.fischwaid-muenchen.de\\\/?p=2893\",\"url\":\"https:\\\/\\\/www.fischwaid-muenchen.de\\\/?p=2893\",\"name\":\"Projekt Waldsee - Baum f\u00e4llt! - Fischereiverein Fischwaid M\u00fcnchen e.V.\",\"isPartOf\":{\"@id\":\"https:\\\/\\\/www.fischwaid-muenchen.de\\\/#website\"},\"primaryImageOfPage\":{\"@id\":\"https:\\\/\\\/www.fischwaid-muenchen.de\\\/?p=2893#primaryimage\"},\"image\":{\"@id\":\"https:\\\/\\\/www.fischwaid-muenchen.de\\\/?p=2893#primaryimage\"},\"thumbnailUrl\":\"https:\\\/\\\/www.fischwaid-muenchen.de\\\/wp-content\\\/uploads\\\/2023\\\/02\\\/Baumfaellen-1.png\",\"datePublished\":\"2023-02-24T19:57:13+00:00\",\"dateModified\":\"2023-02-24T19:57:14+00:00\",\"breadcrumb\":{\"@id\":\"https:\\\/\\\/www.fischwaid-muenchen.de\\\/?p=2893#breadcrumb\"},\"inLanguage\":\"de\",\"potentialAction\":[{\"@type\":\"ReadAction\",\"target\":[\"https:\\\/\\\/www.fischwaid-muenchen.de\\\/?p=2893\"]}]},{\"@type\":\"ImageObject\",\"inLanguage\":\"de\",\"@id\":\"https:\\\/\\\/www.fischwaid-muenchen.de\\\/?p=2893#primaryimage\",\"url\":\"https:\\\/\\\/www.fischwaid-muenchen.de\\\/wp-content\\\/uploads\\\/2023\\\/02\\\/Baumfaellen-1.png\",\"contentUrl\":\"https:\\\/\\\/www.fischwaid-muenchen.de\\\/wp-content\\\/uploads\\\/2023\\\/02\\\/Baumfaellen-1.png\",\"width\":1153,\"height\":720},{\"@type\":\"BreadcrumbList\",\"@id\":\"https:\\\/\\\/www.fischwaid-muenchen.de\\\/?p=2893#breadcrumb\",\"itemListElement\":[{\"@type\":\"ListItem\",\"position\":1,\"name\":\"Startseite\",\"item\":\"https:\\\/\\\/www.fischwaid-muenchen.de\\\/\"},{\"@type\":\"ListItem\",\"position\":2,\"name\":\"Projekt Waldsee &#8211; Baum f\u00e4llt!\"}]},{\"@type\":\"WebSite\",\"@id\":\"https:\\\/\\\/www.fischwaid-muenchen.de\\\/#website\",\"url\":\"https:\\\/\\\/www.fischwaid-muenchen.de\\\/\",\"name\":\"Fischereiverein Fischwaid M\u00fcnchen e.V.\",\"description\":\"\",\"publisher\":{\"@id\":\"https:\\\/\\\/www.fischwaid-muenchen.de\\\/#organization\"},\"potentialAction\":[{\"@type\":\"SearchAction\",\"target\":{\"@type\":\"EntryPoint\",\"urlTemplate\":\"https:\\\/\\\/www.fischwaid-muenchen.de\\\/?s={search_term_string}\"},\"query-input\":{\"@type\":\"PropertyValueSpecification\",\"valueRequired\":true,\"valueName\":\"search_term_string\"}}],\"inLanguage\":\"de\"},{\"@type\":\"Organization\",\"@id\":\"https:\\\/\\\/www.fischwaid-muenchen.de\\\/#organization\",\"name\":\"Fischwaid M\u00fcnchen e.V.\",\"url\":\"https:\\\/\\\/www.fischwaid-muenchen.de\\\/\",\"logo\":{\"@type\":\"ImageObject\",\"inLanguage\":\"de\",\"@id\":\"https:\\\/\\\/www.fischwaid-muenchen.de\\\/#\\\/schema\\\/logo\\\/image\\\/\",\"url\":\"https:\\\/\\\/www.fischwaid-muenchen.de\\\/wp-content\\\/uploads\\\/2021\\\/05\\\/fischwaid-logo.png\",\"contentUrl\":\"https:\\\/\\\/www.fischwaid-muenchen.de\\\/wp-content\\\/uploads\\\/2021\\\/05\\\/fischwaid-logo.png\",\"width\":1000,\"height\":1195,\"caption\":\"Fischwaid M\u00fcnchen e.V.\"},\"image\":{\"@id\":\"https:\\\/\\\/www.fischwaid-muenchen.de\\\/#\\\/schema\\\/logo\\\/image\\\/\"},\"sameAs\":[\"https:\\\/\\\/www.facebook.com\\\/Fischereiverein-Fischwaid-Mnchen-eV-175669222446351\",\"https:\\\/\\\/www.instagram.com\\\/fischwaid_muenchen_ev\\\/?igshid=YmMyMTA2M2Y=\"]},{\"@type\":\"Person\",\"@id\":\"https:\\\/\\\/www.fischwaid-muenchen.de\\\/#\\\/schema\\\/person\\\/2a47c715abf86bd3b33dfd2fe320fc5a\",\"name\":\"Elke Pres\",\"image\":{\"@type\":\"ImageObject\",\"inLanguage\":\"de\",\"@id\":\"https:\\\/\\\/secure.gravatar.com\\\/avatar\\\/c41855037711f9f51b8e0e45eee0da20c8b596ae8a048b8db66fcc8fffdafca4?s=96&d=mm&r=g\",\"url\":\"https:\\\/\\\/secure.gravatar.com\\\/avatar\\\/c41855037711f9f51b8e0e45eee0da20c8b596ae8a048b8db66fcc8fffdafca4?s=96&d=mm&r=g\",\"contentUrl\":\"https:\\\/\\\/secure.gravatar.com\\\/avatar\\\/c41855037711f9f51b8e0e45eee0da20c8b596ae8a048b8db66fcc8fffdafca4?s=96&d=mm&r=g\",\"caption\":\"Elke Pres\"},\"url\":\"https:\\\/\\\/www.fischwaid-muenchen.de\\\/?author=7\"}]}<\/script>\n<!-- \/ Yoast SEO plugin. -->","yoast_head_json":{"title":"Projekt Waldsee - Baum f\u00e4llt! - Fischereiverein Fischwaid M\u00fcnchen e.V.","robots":{"index":"index","follow":"follow","max-snippet":"max-snippet:-1","max-image-preview":"max-image-preview:large","max-video-preview":"max-video-preview:-1"},"canonical":"https:\/\/www.fischwaid-muenchen.de\/?p=2893","og_locale":"de_DE","og_type":"article","og_title":"Projekt Waldsee - Baum f\u00e4llt! - Fischereiverein Fischwaid M\u00fcnchen e.V.","og_description":"Bez\u00fcglich des Waldsees haben wir nunmehr ein weiteres Etappenziel erreicht: Einige B\u00e4ume auf dem Waldsee-Gel\u00e4nde waren leider bereits abgestorben und stellten immer mehr eine Gefahr f\u00fcr die Angler dar. Immer wieder st\u00fcrzten B\u00e4ume um und blieben in den Kronen der umstehenden B\u00e4ume h\u00e4ngen. Viele der B\u00e4ume waren auch bereits durch... weiter","og_url":"https:\/\/www.fischwaid-muenchen.de\/?p=2893","og_site_name":"Fischereiverein Fischwaid M\u00fcnchen e.V.","article_publisher":"https:\/\/www.facebook.com\/Fischereiverein-Fischwaid-Mnchen-eV-175669222446351","article_published_time":"2023-02-24T19:57:13+00:00","article_modified_time":"2023-02-24T19:57:14+00:00","og_image":[{"url":"https:\/\/www.fischwaid-muenchen.de\/wp-content\/uploads\/2023\/02\/Baumfaellen-1.png","type":"","width":"","height":""}],"author":"Elke Pres","twitter_card":"summary_large_image","schema":{"@context":"https:\/\/schema.org","@graph":[{"@type":"Article","@id":"https:\/\/www.fischwaid-muenchen.de\/?p=2893#article","isPartOf":{"@id":"https:\/\/www.fischwaid-muenchen.de\/?p=2893"},"author":{"name":"Elke Pres","@id":"https:\/\/www.fischwaid-muenchen.de\/#\/schema\/person\/2a47c715abf86bd3b33dfd2fe320fc5a"},"headline":"Projekt Waldsee &#8211; Baum f\u00e4llt!","datePublished":"2023-02-24T19:57:13+00:00","dateModified":"2023-02-24T19:57:14+00:00","mainEntityOfPage":{"@id":"https:\/\/www.fischwaid-muenchen.de\/?p=2893"},"wordCount":230,"publisher":{"@id":"https:\/\/www.fischwaid-muenchen.de\/#organization"},"image":{"@id":"https:\/\/www.fischwaid-muenchen.de\/?p=2893#primaryimage"},"thumbnailUrl":"https:\/\/www.fischwaid-muenchen.de\/wp-content\/uploads\/2023\/02\/Baumfaellen-1.png","articleSection":["Aktuelles"],"inLanguage":"de"},{"@type":"WebPage","@id":"https:\/\/www.fischwaid-muenchen.de\/?p=2893","url":"https:\/\/www.fischwaid-muenchen.de\/?p=2893","name":"Projekt Waldsee - Baum f\u00e4llt! - Fischereiverein Fischwaid M\u00fcnchen e.V.","isPartOf":{"@id":"https:\/\/www.fischwaid-muenchen.de\/#website"},"primaryImageOfPage":{"@id":"https:\/\/www.fischwaid-muenchen.de\/?p=2893#primaryimage"},"image":{"@id":"https:\/\/www.fischwaid-muenchen.de\/?p=2893#primaryimage"},"thumbnailUrl":"https:\/\/www.fischwaid-muenchen.de\/wp-content\/uploads\/2023\/02\/Baumfaellen-1.png","datePublished":"2023-02-24T19:57:13+00:00","dateModified":"2023-02-24T19:57:14+00:00","breadcrumb":{"@id":"https:\/\/www.fischwaid-muenchen.de\/?p=2893#breadcrumb"},"inLanguage":"de","potentialAction":[{"@type":"ReadAction","target":["https:\/\/www.fischwaid-muenchen.de\/?p=2893"]}]},{"@type":"ImageObject","inLanguage":"de","@id":"https:\/\/www.fischwaid-muenchen.de\/?p=2893#primaryimage","url":"https:\/\/www.fischwaid-muenchen.de\/wp-content\/uploads\/2023\/02\/Baumfaellen-1.png","contentUrl":"https:\/\/www.fischwaid-muenchen.de\/wp-content\/uploads\/2023\/02\/Baumfaellen-1.png","width":1153,"height":720},{"@type":"BreadcrumbList","@id":"https:\/\/www.fischwaid-muenchen.de\/?p=2893#breadcrumb","itemListElement":[{"@type":"ListItem","position":1,"name":"Startseite","item":"https:\/\/www.fischwaid-muenchen.de\/"},{"@type":"ListItem","position":2,"name":"Projekt Waldsee &#8211; Baum f\u00e4llt!"}]},{"@type":"WebSite","@id":"https:\/\/www.fischwaid-muenchen.de\/#website","url":"https:\/\/www.fischwaid-muenchen.de\/","name":"Fischereiverein Fischwaid M\u00fcnchen e.V.","description":"","publisher":{"@id":"https:\/\/www.fischwaid-muenchen.de\/#organization"},"potentialAction":[{"@type":"SearchAction","target":{"@type":"EntryPoint","urlTemplate":"https:\/\/www.fischwaid-muenchen.de\/?s={search_term_string}"},"query-input":{"@type":"PropertyValueSpecification","valueRequired":true,"valueName":"search_term_string"}}],"inLanguage":"de"},{"@type":"Organization","@id":"https:\/\/www.fischwaid-muenchen.de\/#organization","name":"Fischwaid M\u00fcnchen e.V.","url":"https:\/\/www.fischwaid-muenchen.de\/","logo":{"@type":"ImageObject","inLanguage":"de","@id":"https:\/\/www.fischwaid-muenchen.de\/#\/schema\/logo\/image\/","url":"https:\/\/www.fischwaid-muenchen.de\/wp-content\/uploads\/2021\/05\/fischwaid-logo.png","contentUrl":"https:\/\/www.fischwaid-muenchen.de\/wp-content\/uploads\/2021\/05\/fischwaid-logo.png","width":1000,"height":1195,"caption":"Fischwaid M\u00fcnchen e.V."},"image":{"@id":"https:\/\/www.fischwaid-muenchen.de\/#\/schema\/logo\/image\/"},"sameAs":["https:\/\/www.facebook.com\/Fischereiverein-Fischwaid-Mnchen-eV-175669222446351","https:\/\/www.instagram.com\/fischwaid_muenchen_ev\/?igshid=YmMyMTA2M2Y="]},{"@type":"Person","@id":"https:\/\/www.fischwaid-muenchen.de\/#\/schema\/person\/2a47c715abf86bd3b33dfd2fe320fc5a","name":"Elke Pres","image":{"@type":"ImageObject","inLanguage":"de","@id":"https:\/\/secure.gravatar.com\/avatar\/c41855037711f9f51b8e0e45eee0da20c8b596ae8a048b8db66fcc8fffdafca4?s=96&d=mm&r=g","url":"https:\/\/secure.gravatar.com\/avatar\/c41855037711f9f51b8e0e45eee0da20c8b596ae8a048b8db66fcc8fffdafca4?s=96&d=mm&r=g","contentUrl":"https:\/\/secure.gravatar.com\/avatar\/c41855037711f9f51b8e0e45eee0da20c8b596ae8a048b8db66fcc8fffdafca4?s=96&d=mm&r=g","caption":"Elke Pres"},"url":"https:\/\/www.fischwaid-muenchen.de\/?author=7"}]}},"_links":{"self":[{"href":"https:\/\/www.fischwaid-muenchen.de\/index.php?rest_route=\/wp\/v2\/posts\/2893","targetHints":{"allow":["GET"]}}],"collection":[{"href":"https:\/\/www.fischwaid-muenchen.de\/index.php?rest_route=\/wp\/v2\/posts"}],"about":[{"href":"https:\/\/www.fischwaid-muenchen.de\/index.php?rest_route=\/wp\/v2\/types\/post"}],"author":[{"embeddable":true,"href":"https:\/\/www.fischwaid-muenchen.de\/index.php?rest_route=\/wp\/v2\/users\/7"}],"replies":[{"embeddable":true,"href":"https:\/\/www.fischwaid-muenchen.de\/index.php?rest_route=%2Fwp%2Fv2%2Fcomments&post=2893"}],"version-history":[{"count":0,"href":"https:\/\/www.fischwaid-muenchen.de\/index.php?rest_route=\/wp\/v2\/posts\/2893\/revisions"}],"wp:attachment":[{"href":"https:\/\/www.fischwaid-muenchen.de\/index.php?rest_route=%2Fwp%2Fv2%2Fmedia&parent=2893"}],"wp:term":[{"taxonomy":"category","embeddable":true,"href":"https:\/\/www.fischwaid-muenchen.de\/index.php?rest_route=%2Fwp%2Fv2%2Fcategories&post=2893"},{"taxonomy":"post_tag","embeddable":true,"href":"https:\/\/www.fischwaid-muenchen.de\/index.php?rest_route=%2Fwp%2Fv2%2Ftags&post=2893"},{"taxonomy":"wf_post_folders","embeddable":true,"href":"https:\/\/www.fischwaid-muenchen.de\/index.php?rest_route=%2Fwp%2Fv2%2Fwf_post_folders&post=2893"}],"curies":[{"name":"wp","href":"https:\/\/api.w.org\/{rel}","templated":true}]}}