{"id":1639,"date":"2022-11-23T14:31:19","date_gmt":"2022-11-23T12:31:19","guid":{"rendered":"http:\/\/www.fischwaid-muenchen.de\/?p=1639"},"modified":"2023-02-14T14:00:25","modified_gmt":"2023-02-14T12:00:25","slug":"arbeitseinsatz-an-der-ilm-herbst-2022","status":"publish","type":"post","link":"https:\/\/www.fischwaid-muenchen.de\/?p=1639","title":{"rendered":"Arbeitseinsatz an der Ilm Herbst 2022"},"content":{"rendered":"<div id=\"pl-1639\"  class=\"panel-layout\" ><div id=\"pg-1639-0\"  class=\"panel-grid panel-no-style\" ><div id=\"pgc-1639-0-0\"  class=\"panel-grid-cell\" ><div id=\"panel-1639-0-0-0\" class=\"so-panel widget widget_sow-editor panel-first-child panel-last-child\" data-index=\"0\" ><div class=\"panel-widget-style panel-widget-style-for-1639-0-0-0\" ><div\n\t\t\t\n\t\t\tclass=\"so-widget-sow-editor so-widget-sow-editor-base\"\n\t\t\t\n\t\t>\n<div class=\"siteorigin-widget-tinymce textwidget\">\n\t<p>Auch an der Ilm wurde flei\u00dfig gearbeitet. Unser Gew\u00e4sserbetreuer Andreas Brucklacher befreite die komplette Wehranlage von angetriebenem Unrat. So kam \u00fcber die letzten Wochen mehrere S\u00e4cke an M\u00fcll zusammen, die er fachgerecht entsorgte. Zudem hat er die Ufer begehbar gemacht und neue Angelpl\u00e4tze freigeschnitten.<\/p>\n<p><img loading=\"lazy\" decoding=\"async\" class=\"aligncenter\" src=\"https:\/\/www.fischwaid-muenchen.de\/wp-content\/uploads\/2022\/11\/Ilm_AD2022-1.jpg\" alt=\"\" width=\"1024\" height=\"768\" \/><\/p>\n<p><img loading=\"lazy\" decoding=\"async\" class=\"aligncenter\" src=\"https:\/\/www.fischwaid-muenchen.de\/wp-content\/uploads\/2022\/11\/Ilm_AD2022-2.jpg\" alt=\"\" width=\"1024\" height=\"768\" \/><\/p>\n<p><img loading=\"lazy\" decoding=\"async\" class=\"aligncenter\" src=\"https:\/\/www.fischwaid-muenchen.de\/wp-content\/uploads\/2022\/11\/Ilm_AD2022-3.jpg\" alt=\"\" width=\"1024\" height=\"1365\" \/><\/p>\n<\/div>\n<\/div><\/div><\/div><\/div><\/div><\/div>","protected":false},"excerpt":{"rendered":"<p>Auch an der Ilm wurde flei\u00dfig gearbeitet. Unser Gew\u00e4sserbetreuer Andreas Brucklacher befreite die komplette Wehranlage von angetriebenem Unrat. So kam \u00fcber die letzten Wochen mehrere S\u00e4cke an M\u00fcll zusammen, die er fachgerecht entsorgte. Zudem hat er die Ufer begehbar gemacht und neue Angelpl\u00e4tze freigeschnitten.<\/p>\n<p class=\"continue-reading-button\"> <a class=\"continue-reading-link\" href=\"https:\/\/www.fischwaid-muenchen.de\/?p=1639\">weiter<i class=\"crycon-right-dir\"><\/i><\/a><\/p>\n","protected":false},"author":2,"featured_media":0,"comment_status":"closed","ping_status":"closed","sticky":false,"template":"","format":"standard","meta":{"footnotes":""},"categories":[7],"tags":[],"wf_post_folders":[],"class_list":["post-1639","post","type-post","status-publish","format-standard","hentry","category-aktuelles"],"yoast_head":"<!-- This site is optimized with the Yoast SEO plugin v27.4 - https:\/\/yoast.com\/product\/yoast-seo-wordpress\/ -->\n<title>Arbeitseinsatz an der Ilm Herbst 2022 - Fischereiverein Fischwaid M\u00fcnchen e.V.<\/title>\n<meta name=\"robots\" content=\"index, follow, max-snippet:-1, max-image-preview:large, max-video-preview:-1\" \/>\n<link rel=\"canonical\" href=\"https:\/\/www.fischwaid-muenchen.de\/?p=1639\" \/>\n<meta property=\"og:locale\" content=\"de_DE\" \/>\n<meta property=\"og:type\" content=\"article\" \/>\n<meta property=\"og:title\" content=\"Arbeitseinsatz an der Ilm Herbst 2022 - Fischereiverein Fischwaid M\u00fcnchen e.V.\" \/>\n<meta property=\"og:description\" content=\"Auch an der Ilm wurde flei\u00dfig gearbeitet. Unser Gew\u00e4sserbetreuer Andreas Brucklacher befreite die komplette Wehranlage von angetriebenem Unrat. So kam \u00fcber die letzten Wochen mehrere S\u00e4cke an M\u00fcll zusammen, die er fachgerecht entsorgte. Zudem hat er die Ufer begehbar gemacht und neue Angelpl\u00e4tze freigeschnitten. weiter\" \/>\n<meta property=\"og:url\" content=\"https:\/\/www.fischwaid-muenchen.de\/?p=1639\" \/>\n<meta property=\"og:site_name\" content=\"Fischereiverein Fischwaid M\u00fcnchen e.V.\" \/>\n<meta property=\"article:publisher\" content=\"https:\/\/www.facebook.com\/Fischereiverein-Fischwaid-Mnchen-eV-175669222446351\" \/>\n<meta property=\"article:published_time\" content=\"2022-11-23T12:31:19+00:00\" \/>\n<meta property=\"article:modified_time\" content=\"2023-02-14T12:00:25+00:00\" \/>\n<meta property=\"og:image\" content=\"https:\/\/www.fischwaid-muenchen.de\/wp-content\/uploads\/2022\/11\/Ilm_AD2022-1.jpg\" \/>\n<meta name=\"author\" content=\"Christian Hecker\" \/>\n<meta name=\"twitter:card\" content=\"summary_large_image\" \/>\n<script type=\"application\/ld+json\" class=\"yoast-schema-graph\">{\"@context\":\"https:\\\/\\\/schema.org\",\"@graph\":[{\"@type\":\"Article\",\"@id\":\"https:\\\/\\\/www.fischwaid-muenchen.de\\\/?p=1639#article\",\"isPartOf\":{\"@id\":\"https:\\\/\\\/www.fischwaid-muenchen.de\\\/?p=1639\"},\"author\":{\"name\":\"Christian Hecker\",\"@id\":\"https:\\\/\\\/www.fischwaid-muenchen.de\\\/#\\\/schema\\\/person\\\/1665aa2e6f14886e64334764f08b6a11\"},\"headline\":\"Arbeitseinsatz an der Ilm Herbst 2022\",\"datePublished\":\"2022-11-23T12:31:19+00:00\",\"dateModified\":\"2023-02-14T12:00:25+00:00\",\"mainEntityOfPage\":{\"@id\":\"https:\\\/\\\/www.fischwaid-muenchen.de\\\/?p=1639\"},\"wordCount\":54,\"publisher\":{\"@id\":\"https:\\\/\\\/www.fischwaid-muenchen.de\\\/#organization\"},\"image\":{\"@id\":\"https:\\\/\\\/www.fischwaid-muenchen.de\\\/?p=1639#primaryimage\"},\"thumbnailUrl\":\"https:\\\/\\\/www.fischwaid-muenchen.de\\\/wp-content\\\/uploads\\\/2022\\\/11\\\/Ilm_AD2022-1.jpg\",\"articleSection\":[\"Aktuelles\"],\"inLanguage\":\"de\"},{\"@type\":\"WebPage\",\"@id\":\"https:\\\/\\\/www.fischwaid-muenchen.de\\\/?p=1639\",\"url\":\"https:\\\/\\\/www.fischwaid-muenchen.de\\\/?p=1639\",\"name\":\"Arbeitseinsatz an der Ilm Herbst 2022 - Fischereiverein Fischwaid M\u00fcnchen e.V.\",\"isPartOf\":{\"@id\":\"https:\\\/\\\/www.fischwaid-muenchen.de\\\/#website\"},\"primaryImageOfPage\":{\"@id\":\"https:\\\/\\\/www.fischwaid-muenchen.de\\\/?p=1639#primaryimage\"},\"image\":{\"@id\":\"https:\\\/\\\/www.fischwaid-muenchen.de\\\/?p=1639#primaryimage\"},\"thumbnailUrl\":\"https:\\\/\\\/www.fischwaid-muenchen.de\\\/wp-content\\\/uploads\\\/2022\\\/11\\\/Ilm_AD2022-1.jpg\",\"datePublished\":\"2022-11-23T12:31:19+00:00\",\"dateModified\":\"2023-02-14T12:00:25+00:00\",\"breadcrumb\":{\"@id\":\"https:\\\/\\\/www.fischwaid-muenchen.de\\\/?p=1639#breadcrumb\"},\"inLanguage\":\"de\",\"potentialAction\":[{\"@type\":\"ReadAction\",\"target\":[\"https:\\\/\\\/www.fischwaid-muenchen.de\\\/?p=1639\"]}]},{\"@type\":\"ImageObject\",\"inLanguage\":\"de\",\"@id\":\"https:\\\/\\\/www.fischwaid-muenchen.de\\\/?p=1639#primaryimage\",\"url\":\"https:\\\/\\\/www.fischwaid-muenchen.de\\\/wp-content\\\/uploads\\\/2022\\\/11\\\/Ilm_AD2022-1.jpg\",\"contentUrl\":\"https:\\\/\\\/www.fischwaid-muenchen.de\\\/wp-content\\\/uploads\\\/2022\\\/11\\\/Ilm_AD2022-1.jpg\",\"width\":2048,\"height\":1536},{\"@type\":\"BreadcrumbList\",\"@id\":\"https:\\\/\\\/www.fischwaid-muenchen.de\\\/?p=1639#breadcrumb\",\"itemListElement\":[{\"@type\":\"ListItem\",\"position\":1,\"name\":\"Startseite\",\"item\":\"https:\\\/\\\/www.fischwaid-muenchen.de\\\/\"},{\"@type\":\"ListItem\",\"position\":2,\"name\":\"Arbeitseinsatz an der Ilm Herbst 2022\"}]},{\"@type\":\"WebSite\",\"@id\":\"https:\\\/\\\/www.fischwaid-muenchen.de\\\/#website\",\"url\":\"https:\\\/\\\/www.fischwaid-muenchen.de\\\/\",\"name\":\"Fischereiverein Fischwaid M\u00fcnchen e.V.\",\"description\":\"\",\"publisher\":{\"@id\":\"https:\\\/\\\/www.fischwaid-muenchen.de\\\/#organization\"},\"potentialAction\":[{\"@type\":\"SearchAction\",\"target\":{\"@type\":\"EntryPoint\",\"urlTemplate\":\"https:\\\/\\\/www.fischwaid-muenchen.de\\\/?s={search_term_string}\"},\"query-input\":{\"@type\":\"PropertyValueSpecification\",\"valueRequired\":true,\"valueName\":\"search_term_string\"}}],\"inLanguage\":\"de\"},{\"@type\":\"Organization\",\"@id\":\"https:\\\/\\\/www.fischwaid-muenchen.de\\\/#organization\",\"name\":\"Fischwaid M\u00fcnchen e.V.\",\"url\":\"https:\\\/\\\/www.fischwaid-muenchen.de\\\/\",\"logo\":{\"@type\":\"ImageObject\",\"inLanguage\":\"de\",\"@id\":\"https:\\\/\\\/www.fischwaid-muenchen.de\\\/#\\\/schema\\\/logo\\\/image\\\/\",\"url\":\"https:\\\/\\\/www.fischwaid-muenchen.de\\\/wp-content\\\/uploads\\\/2021\\\/05\\\/fischwaid-logo.png\",\"contentUrl\":\"https:\\\/\\\/www.fischwaid-muenchen.de\\\/wp-content\\\/uploads\\\/2021\\\/05\\\/fischwaid-logo.png\",\"width\":1000,\"height\":1195,\"caption\":\"Fischwaid M\u00fcnchen e.V.\"},\"image\":{\"@id\":\"https:\\\/\\\/www.fischwaid-muenchen.de\\\/#\\\/schema\\\/logo\\\/image\\\/\"},\"sameAs\":[\"https:\\\/\\\/www.facebook.com\\\/Fischereiverein-Fischwaid-Mnchen-eV-175669222446351\",\"https:\\\/\\\/www.instagram.com\\\/fischwaid_muenchen_ev\\\/?igshid=YmMyMTA2M2Y=\"]},{\"@type\":\"Person\",\"@id\":\"https:\\\/\\\/www.fischwaid-muenchen.de\\\/#\\\/schema\\\/person\\\/1665aa2e6f14886e64334764f08b6a11\",\"name\":\"Christian Hecker\",\"image\":{\"@type\":\"ImageObject\",\"inLanguage\":\"de\",\"@id\":\"https:\\\/\\\/secure.gravatar.com\\\/avatar\\\/20915fefcafba926d087fae9f11e4144869f0b930090aa0e84573c637c949cbe?s=96&d=mm&r=g\",\"url\":\"https:\\\/\\\/secure.gravatar.com\\\/avatar\\\/20915fefcafba926d087fae9f11e4144869f0b930090aa0e84573c637c949cbe?s=96&d=mm&r=g\",\"contentUrl\":\"https:\\\/\\\/secure.gravatar.com\\\/avatar\\\/20915fefcafba926d087fae9f11e4144869f0b930090aa0e84573c637c949cbe?s=96&d=mm&r=g\",\"caption\":\"Christian Hecker\"},\"url\":\"https:\\\/\\\/www.fischwaid-muenchen.de\\\/?author=2\"}]}<\/script>\n<!-- \/ Yoast SEO plugin. -->","yoast_head_json":{"title":"Arbeitseinsatz an der Ilm Herbst 2022 - Fischereiverein Fischwaid M\u00fcnchen e.V.","robots":{"index":"index","follow":"follow","max-snippet":"max-snippet:-1","max-image-preview":"max-image-preview:large","max-video-preview":"max-video-preview:-1"},"canonical":"https:\/\/www.fischwaid-muenchen.de\/?p=1639","og_locale":"de_DE","og_type":"article","og_title":"Arbeitseinsatz an der Ilm Herbst 2022 - Fischereiverein Fischwaid M\u00fcnchen e.V.","og_description":"Auch an der Ilm wurde flei\u00dfig gearbeitet. Unser Gew\u00e4sserbetreuer Andreas Brucklacher befreite die komplette Wehranlage von angetriebenem Unrat. So kam \u00fcber die letzten Wochen mehrere S\u00e4cke an M\u00fcll zusammen, die er fachgerecht entsorgte. Zudem hat er die Ufer begehbar gemacht und neue Angelpl\u00e4tze freigeschnitten. weiter","og_url":"https:\/\/www.fischwaid-muenchen.de\/?p=1639","og_site_name":"Fischereiverein Fischwaid M\u00fcnchen e.V.","article_publisher":"https:\/\/www.facebook.com\/Fischereiverein-Fischwaid-Mnchen-eV-175669222446351","article_published_time":"2022-11-23T12:31:19+00:00","article_modified_time":"2023-02-14T12:00:25+00:00","og_image":[{"url":"https:\/\/www.fischwaid-muenchen.de\/wp-content\/uploads\/2022\/11\/Ilm_AD2022-1.jpg","type":"","width":"","height":""}],"author":"Christian Hecker","twitter_card":"summary_large_image","schema":{"@context":"https:\/\/schema.org","@graph":[{"@type":"Article","@id":"https:\/\/www.fischwaid-muenchen.de\/?p=1639#article","isPartOf":{"@id":"https:\/\/www.fischwaid-muenchen.de\/?p=1639"},"author":{"name":"Christian Hecker","@id":"https:\/\/www.fischwaid-muenchen.de\/#\/schema\/person\/1665aa2e6f14886e64334764f08b6a11"},"headline":"Arbeitseinsatz an der Ilm Herbst 2022","datePublished":"2022-11-23T12:31:19+00:00","dateModified":"2023-02-14T12:00:25+00:00","mainEntityOfPage":{"@id":"https:\/\/www.fischwaid-muenchen.de\/?p=1639"},"wordCount":54,"publisher":{"@id":"https:\/\/www.fischwaid-muenchen.de\/#organization"},"image":{"@id":"https:\/\/www.fischwaid-muenchen.de\/?p=1639#primaryimage"},"thumbnailUrl":"https:\/\/www.fischwaid-muenchen.de\/wp-content\/uploads\/2022\/11\/Ilm_AD2022-1.jpg","articleSection":["Aktuelles"],"inLanguage":"de"},{"@type":"WebPage","@id":"https:\/\/www.fischwaid-muenchen.de\/?p=1639","url":"https:\/\/www.fischwaid-muenchen.de\/?p=1639","name":"Arbeitseinsatz an der Ilm Herbst 2022 - Fischereiverein Fischwaid M\u00fcnchen e.V.","isPartOf":{"@id":"https:\/\/www.fischwaid-muenchen.de\/#website"},"primaryImageOfPage":{"@id":"https:\/\/www.fischwaid-muenchen.de\/?p=1639#primaryimage"},"image":{"@id":"https:\/\/www.fischwaid-muenchen.de\/?p=1639#primaryimage"},"thumbnailUrl":"https:\/\/www.fischwaid-muenchen.de\/wp-content\/uploads\/2022\/11\/Ilm_AD2022-1.jpg","datePublished":"2022-11-23T12:31:19+00:00","dateModified":"2023-02-14T12:00:25+00:00","breadcrumb":{"@id":"https:\/\/www.fischwaid-muenchen.de\/?p=1639#breadcrumb"},"inLanguage":"de","potentialAction":[{"@type":"ReadAction","target":["https:\/\/www.fischwaid-muenchen.de\/?p=1639"]}]},{"@type":"ImageObject","inLanguage":"de","@id":"https:\/\/www.fischwaid-muenchen.de\/?p=1639#primaryimage","url":"https:\/\/www.fischwaid-muenchen.de\/wp-content\/uploads\/2022\/11\/Ilm_AD2022-1.jpg","contentUrl":"https:\/\/www.fischwaid-muenchen.de\/wp-content\/uploads\/2022\/11\/Ilm_AD2022-1.jpg","width":2048,"height":1536},{"@type":"BreadcrumbList","@id":"https:\/\/www.fischwaid-muenchen.de\/?p=1639#breadcrumb","itemListElement":[{"@type":"ListItem","position":1,"name":"Startseite","item":"https:\/\/www.fischwaid-muenchen.de\/"},{"@type":"ListItem","position":2,"name":"Arbeitseinsatz an der Ilm Herbst 2022"}]},{"@type":"WebSite","@id":"https:\/\/www.fischwaid-muenchen.de\/#website","url":"https:\/\/www.fischwaid-muenchen.de\/","name":"Fischereiverein Fischwaid M\u00fcnchen e.V.","description":"","publisher":{"@id":"https:\/\/www.fischwaid-muenchen.de\/#organization"},"potentialAction":[{"@type":"SearchAction","target":{"@type":"EntryPoint","urlTemplate":"https:\/\/www.fischwaid-muenchen.de\/?s={search_term_string}"},"query-input":{"@type":"PropertyValueSpecification","valueRequired":true,"valueName":"search_term_string"}}],"inLanguage":"de"},{"@type":"Organization","@id":"https:\/\/www.fischwaid-muenchen.de\/#organization","name":"Fischwaid M\u00fcnchen e.V.","url":"https:\/\/www.fischwaid-muenchen.de\/","logo":{"@type":"ImageObject","inLanguage":"de","@id":"https:\/\/www.fischwaid-muenchen.de\/#\/schema\/logo\/image\/","url":"https:\/\/www.fischwaid-muenchen.de\/wp-content\/uploads\/2021\/05\/fischwaid-logo.png","contentUrl":"https:\/\/www.fischwaid-muenchen.de\/wp-content\/uploads\/2021\/05\/fischwaid-logo.png","width":1000,"height":1195,"caption":"Fischwaid M\u00fcnchen e.V."},"image":{"@id":"https:\/\/www.fischwaid-muenchen.de\/#\/schema\/logo\/image\/"},"sameAs":["https:\/\/www.facebook.com\/Fischereiverein-Fischwaid-Mnchen-eV-175669222446351","https:\/\/www.instagram.com\/fischwaid_muenchen_ev\/?igshid=YmMyMTA2M2Y="]},{"@type":"Person","@id":"https:\/\/www.fischwaid-muenchen.de\/#\/schema\/person\/1665aa2e6f14886e64334764f08b6a11","name":"Christian Hecker","image":{"@type":"ImageObject","inLanguage":"de","@id":"https:\/\/secure.gravatar.com\/avatar\/20915fefcafba926d087fae9f11e4144869f0b930090aa0e84573c637c949cbe?s=96&d=mm&r=g","url":"https:\/\/secure.gravatar.com\/avatar\/20915fefcafba926d087fae9f11e4144869f0b930090aa0e84573c637c949cbe?s=96&d=mm&r=g","contentUrl":"https:\/\/secure.gravatar.com\/avatar\/20915fefcafba926d087fae9f11e4144869f0b930090aa0e84573c637c949cbe?s=96&d=mm&r=g","caption":"Christian Hecker"},"url":"https:\/\/www.fischwaid-muenchen.de\/?author=2"}]}},"_links":{"self":[{"href":"https:\/\/www.fischwaid-muenchen.de\/index.php?rest_route=\/wp\/v2\/posts\/1639","targetHints":{"allow":["GET"]}}],"collection":[{"href":"https:\/\/www.fischwaid-muenchen.de\/index.php?rest_route=\/wp\/v2\/posts"}],"about":[{"href":"https:\/\/www.fischwaid-muenchen.de\/index.php?rest_route=\/wp\/v2\/types\/post"}],"author":[{"embeddable":true,"href":"https:\/\/www.fischwaid-muenchen.de\/index.php?rest_route=\/wp\/v2\/users\/2"}],"replies":[{"embeddable":true,"href":"https:\/\/www.fischwaid-muenchen.de\/index.php?rest_route=%2Fwp%2Fv2%2Fcomments&post=1639"}],"version-history":[{"count":0,"href":"https:\/\/www.fischwaid-muenchen.de\/index.php?rest_route=\/wp\/v2\/posts\/1639\/revisions"}],"wp:attachment":[{"href":"https:\/\/www.fischwaid-muenchen.de\/index.php?rest_route=%2Fwp%2Fv2%2Fmedia&parent=1639"}],"wp:term":[{"taxonomy":"category","embeddable":true,"href":"https:\/\/www.fischwaid-muenchen.de\/index.php?rest_route=%2Fwp%2Fv2%2Fcategories&post=1639"},{"taxonomy":"post_tag","embeddable":true,"href":"https:\/\/www.fischwaid-muenchen.de\/index.php?rest_route=%2Fwp%2Fv2%2Ftags&post=1639"},{"taxonomy":"wf_post_folders","embeddable":true,"href":"https:\/\/www.fischwaid-muenchen.de\/index.php?rest_route=%2Fwp%2Fv2%2Fwf_post_folders&post=1639"}],"curies":[{"name":"wp","href":"https:\/\/api.w.org\/{rel}","templated":true}]}}